{"id":20302,"date":"2026-02-20T10:13:33","date_gmt":"2026-02-20T09:13:33","guid":{"rendered":"https:\/\/fondationcarasso.org\/es\/noticias\/\/"},"modified":"2026-02-27T12:34:32","modified_gmt":"2026-02-27T11:34:32","slug":"std-tercera-edicion-unoconcinco","status":"publish","type":"post","link":"https:\/\/fondationcarasso.org\/es\/noticias\/std-tercera-edicion-unoconcinco\/","title":{"rendered":"Una mesa com\u00fan para un futuro compartido, eje de la tercera edici\u00f3n de unoconcinco"},"content":{"rendered":"","protected":false},"excerpt":{"rendered":"","protected":false},"author":7,"featured_media":0,"comment_status":"closed","ping_status":"closed","sticky":false,"template":"","format":"standard","meta":{"_acf_changed":false,"inline_featured_image":false,"footnotes":""},"categories":[20],"tags":[66],"class_list":["post-20302","post","type-post","status-publish","format-standard","hentry","category-practicas-agroecologicas","tag-unoconcinco","tipo_proyecto-alimentacion-sostenible"],"acf":[],"yoast_head":"<!-- This site is optimized with the Yoast SEO Premium plugin v27.1 (Yoast SEO v27.1.1) - https:\/\/yoast.com\/product\/yoast-seo-premium-wordpress\/ -->\n<title>STD Tercera Edici\u00f3n: UnoCinco | Fundaci\u00f3n Daniel y Nina Carasso<\/title>\n<meta name=\"description\" content=\"Desde la Fundaci\u00f3n Daniel y Nina Carasso nos alegra anunciar la tercera edici\u00f3n de unoconcinco | Encuentros de la Alimentaci\u00f3n Sostenible, que se celebrar\u00e1 el pr\u00f3ximo 18 de junio en el espacio Infinito Delicias, de Madrid. Con una programaci\u00f3n muy variada en la que se abordar\u00e1n tem\u00e1ticas de actualidad, esta cita bienal se reafirma como un espacio de escucha, di\u00e1logo y colaboraci\u00f3n para dar respuesta a los retos de la alimentaci\u00f3n sostenible en Espa\u00f1a.\" \/>\n<meta name=\"robots\" content=\"index, follow, max-snippet:-1, max-image-preview:large, max-video-preview:-1\" \/>\n<link rel=\"canonical\" href=\"https:\/\/fondationcarasso.org\/es\/noticias\/std-tercera-edicion-unoconcinco\/\" \/>\n<meta property=\"og:locale\" content=\"es_ES\" \/>\n<meta property=\"og:type\" content=\"article\" \/>\n<meta property=\"og:title\" content=\"La 3\u00aa edici\u00f3n de unoconcinco se celebrar\u00e1 el 18 de julio en Infinito Delicias\" \/>\n<meta property=\"og:description\" content=\"Con una programaci\u00f3n muy variada en la que se abordar\u00e1n tem\u00e1ticas de actualidad, esta cita bienal se reafirma como un espacio de escucha, di\u00e1logo y colaboraci\u00f3n para dar respuesta a los retos de la alimentaci\u00f3n sostenible en Espa\u00f1a. Su acceso ser\u00e1 gratuito, previa inscripci\u00f3n en la web unoconcinco.org.\" \/>\n<meta property=\"og:url\" content=\"https:\/\/fondationcarasso.org\/es\/noticias\/std-tercera-edicion-unoconcinco\/\" \/>\n<meta property=\"og:site_name\" content=\"Fundaci\u00f3n Nina Carasso\" \/>\n<meta property=\"article:published_time\" content=\"2026-02-20T09:13:33+00:00\" \/>\n<meta property=\"article:modified_time\" content=\"2026-02-27T11:34:32+00:00\" \/>\n<meta property=\"og:image\" content=\"https:\/\/fondationcarasso.org\/es\/wp-content\/uploads\/2026\/02\/STD-unoconcinco-v2.jpg\" \/>\n\t<meta property=\"og:image:width\" content=\"1920\" \/>\n\t<meta property=\"og:image:height\" content=\"1080\" \/>\n\t<meta property=\"og:image:type\" content=\"image\/jpeg\" \/>\n<meta name=\"author\" content=\"macu@acercacomunicacion.es\" \/>\n<meta name=\"twitter:card\" content=\"summary_large_image\" \/>\n<meta name=\"twitter:title\" content=\"La 3\u00aa edici\u00f3n de unoconcinco se celebrar\u00e1 el 18 de julio en Infinito Delicias\" \/>\n<meta name=\"twitter:description\" content=\"Con una programaci\u00f3n muy variada en la que se abordar\u00e1n tem\u00e1ticas de actualidad, esta cita bienal se reafirma como un espacio de escucha, di\u00e1logo y colaboraci\u00f3n para dar respuesta a los retos de la alimentaci\u00f3n sostenible en Espa\u00f1a. Su acceso ser\u00e1 gratuito, previa inscripci\u00f3n en la web unoconcinco.org.\" \/>\n<meta name=\"twitter:image\" content=\"https:\/\/fondationcarasso.org\/es\/wp-content\/uploads\/2026\/02\/STD-unoconcinco-v2.jpg\" \/>\n<meta name=\"twitter:creator\" content=\"@fdnc_es\" \/>\n<meta name=\"twitter:site\" content=\"@fdnc_es\" \/>\n<meta name=\"twitter:label1\" content=\"Escrito por\" \/>\n\t<meta name=\"twitter:data1\" content=\"macu@acercacomunicacion.es\" \/>\n\t<meta name=\"twitter:label2\" content=\"Tiempo de lectura\" \/>\n\t<meta name=\"twitter:data2\" content=\"3 minutos\" \/>\n<script type=\"application\/ld+json\" class=\"yoast-schema-graph\">{\"@context\":\"https:\/\/schema.org\",\"@graph\":[{\"@type\":\"Article\",\"@id\":\"https:\/\/fondationcarasso.org\/es\/noticias\/std-tercera-edicion-unoconcinco\/#article\",\"isPartOf\":{\"@id\":\"https:\/\/fondationcarasso.org\/es\/noticias\/std-tercera-edicion-unoconcinco\/\"},\"author\":{\"name\":\"macu@acercacomunicacion.es\",\"@id\":\"https:\/\/fondationcarasso.org\/es\/#\/schema\/person\/df1f2ff025279dfee399540ec514a0c4\"},\"headline\":\"Una mesa com\u00fan para un futuro compartido, eje de la tercera edici\u00f3n de unoconcinco\",\"datePublished\":\"2026-02-20T09:13:33+00:00\",\"dateModified\":\"2026-02-27T11:34:32+00:00\",\"mainEntityOfPage\":{\"@id\":\"https:\/\/fondationcarasso.org\/es\/noticias\/std-tercera-edicion-unoconcinco\/\"},\"wordCount\":16,\"publisher\":{\"@id\":\"https:\/\/fondationcarasso.org\/es\/#organization\"},\"keywords\":[\"unoconcinco\"],\"articleSection\":[\"Pr\u00e1cticas agroecol\u00f3gicas\"],\"inLanguage\":\"es\"},{\"@type\":\"WebPage\",\"@id\":\"https:\/\/fondationcarasso.org\/es\/noticias\/std-tercera-edicion-unoconcinco\/\",\"url\":\"https:\/\/fondationcarasso.org\/es\/noticias\/std-tercera-edicion-unoconcinco\/\",\"name\":\"STD Tercera Edici\u00f3n: UnoCinco | Fundaci\u00f3n Daniel y Nina Carasso\",\"isPartOf\":{\"@id\":\"https:\/\/fondationcarasso.org\/es\/#website\"},\"datePublished\":\"2026-02-20T09:13:33+00:00\",\"dateModified\":\"2026-02-27T11:34:32+00:00\",\"description\":\"Desde la Fundaci\u00f3n Daniel y Nina Carasso nos alegra anunciar la tercera edici\u00f3n de unoconcinco | Encuentros de la Alimentaci\u00f3n Sostenible, que se celebrar\u00e1 el pr\u00f3ximo 18 de junio en el espacio Infinito Delicias, de Madrid. Con una programaci\u00f3n muy variada en la que se abordar\u00e1n tem\u00e1ticas de actualidad, esta cita bienal se reafirma como un espacio de escucha, di\u00e1logo y colaboraci\u00f3n para dar respuesta a los retos de la alimentaci\u00f3n sostenible en Espa\u00f1a.\",\"breadcrumb\":{\"@id\":\"https:\/\/fondationcarasso.org\/es\/noticias\/std-tercera-edicion-unoconcinco\/#breadcrumb\"},\"inLanguage\":\"es\",\"potentialAction\":[{\"@type\":\"ReadAction\",\"target\":[\"https:\/\/fondationcarasso.org\/es\/noticias\/std-tercera-edicion-unoconcinco\/\"]}]},{\"@type\":\"BreadcrumbList\",\"@id\":\"https:\/\/fondationcarasso.org\/es\/noticias\/std-tercera-edicion-unoconcinco\/#breadcrumb\",\"itemListElement\":[{\"@type\":\"ListItem\",\"position\":1,\"name\":\"Portada\",\"item\":\"https:\/\/fondationcarasso.org\/es\/\"},{\"@type\":\"ListItem\",\"position\":2,\"name\":\"Una mesa com\u00fan para un futuro compartido, eje de la tercera edici\u00f3n de unoconcinco\"}]},{\"@type\":\"WebSite\",\"@id\":\"https:\/\/fondationcarasso.org\/es\/#website\",\"url\":\"https:\/\/fondationcarasso.org\/es\/\",\"name\":\"Fundaci\u00f3n Nina Carasso\",\"description\":\"\",\"publisher\":{\"@id\":\"https:\/\/fondationcarasso.org\/es\/#organization\"},\"potentialAction\":[{\"@type\":\"SearchAction\",\"target\":{\"@type\":\"EntryPoint\",\"urlTemplate\":\"https:\/\/fondationcarasso.org\/es\/?s={search_term_string}\"},\"query-input\":{\"@type\":\"PropertyValueSpecification\",\"valueRequired\":true,\"valueName\":\"search_term_string\"}}],\"inLanguage\":\"es\"},{\"@type\":\"Organization\",\"@id\":\"https:\/\/fondationcarasso.org\/es\/#organization\",\"name\":\"Fundaci\u00f3n Nina Carasso\",\"url\":\"https:\/\/fondationcarasso.org\/es\/\",\"logo\":{\"@type\":\"ImageObject\",\"inLanguage\":\"es\",\"@id\":\"https:\/\/fondationcarasso.org\/es\/#\/schema\/logo\/image\/\",\"url\":\"https:\/\/fondationcarasso.org\/es\/wp-content\/uploads\/2025\/10\/logo-carasso.svg\",\"contentUrl\":\"https:\/\/fondationcarasso.org\/es\/wp-content\/uploads\/2025\/10\/logo-carasso.svg\",\"width\":185,\"height\":76,\"caption\":\"Fundaci\u00f3n Nina Carasso\"},\"image\":{\"@id\":\"https:\/\/fondationcarasso.org\/es\/#\/schema\/logo\/image\/\"},\"sameAs\":[\"https:\/\/x.com\/fdnc_es\",\"https:\/\/bsky.app\/profile\/fundacioncarasso.bsky.social\",\"https:\/\/www.youtube.com\/channel\/UC5siDGy3g1QZoxsuieyH6eg\",\"https:\/\/www.instagram.com\/fundacion_carasso\/?hl=es\",\"https:\/\/es.linkedin.com\/company\/fundacion-daniel-nina-carasso\"]},{\"@type\":\"Person\",\"@id\":\"https:\/\/fondationcarasso.org\/es\/#\/schema\/person\/df1f2ff025279dfee399540ec514a0c4\",\"name\":\"macu@acercacomunicacion.es\"}]}<\/script>\n<!-- \/ Yoast SEO Premium plugin. -->","yoast_head_json":{"title":"STD Tercera Edici\u00f3n: UnoCinco | Fundaci\u00f3n Daniel y Nina Carasso","description":"Desde la Fundaci\u00f3n Daniel y Nina Carasso nos alegra anunciar la tercera edici\u00f3n de unoconcinco | Encuentros de la Alimentaci\u00f3n Sostenible, que se celebrar\u00e1 el pr\u00f3ximo 18 de junio en el espacio Infinito Delicias, de Madrid. Con una programaci\u00f3n muy variada en la que se abordar\u00e1n tem\u00e1ticas de actualidad, esta cita bienal se reafirma como un espacio de escucha, di\u00e1logo y colaboraci\u00f3n para dar respuesta a los retos de la alimentaci\u00f3n sostenible en Espa\u00f1a.","robots":{"index":"index","follow":"follow","max-snippet":"max-snippet:-1","max-image-preview":"max-image-preview:large","max-video-preview":"max-video-preview:-1"},"canonical":"https:\/\/fondationcarasso.org\/es\/noticias\/std-tercera-edicion-unoconcinco\/","og_locale":"es_ES","og_type":"article","og_title":"La 3\u00aa edici\u00f3n de unoconcinco se celebrar\u00e1 el 18 de julio en Infinito Delicias","og_description":"Con una programaci\u00f3n muy variada en la que se abordar\u00e1n tem\u00e1ticas de actualidad, esta cita bienal se reafirma como un espacio de escucha, di\u00e1logo y colaboraci\u00f3n para dar respuesta a los retos de la alimentaci\u00f3n sostenible en Espa\u00f1a. Su acceso ser\u00e1 gratuito, previa inscripci\u00f3n en la web unoconcinco.org.","og_url":"https:\/\/fondationcarasso.org\/es\/noticias\/std-tercera-edicion-unoconcinco\/","og_site_name":"Fundaci\u00f3n Nina Carasso","article_published_time":"2026-02-20T09:13:33+00:00","article_modified_time":"2026-02-27T11:34:32+00:00","og_image":[{"width":1920,"height":1080,"url":"https:\/\/fondationcarasso.org\/es\/wp-content\/uploads\/2026\/02\/STD-unoconcinco-v2.jpg","type":"image\/jpeg"}],"author":"macu@acercacomunicacion.es","twitter_card":"summary_large_image","twitter_title":"La 3\u00aa edici\u00f3n de unoconcinco se celebrar\u00e1 el 18 de julio en Infinito Delicias","twitter_description":"Con una programaci\u00f3n muy variada en la que se abordar\u00e1n tem\u00e1ticas de actualidad, esta cita bienal se reafirma como un espacio de escucha, di\u00e1logo y colaboraci\u00f3n para dar respuesta a los retos de la alimentaci\u00f3n sostenible en Espa\u00f1a. Su acceso ser\u00e1 gratuito, previa inscripci\u00f3n en la web unoconcinco.org.","twitter_image":"https:\/\/fondationcarasso.org\/es\/wp-content\/uploads\/2026\/02\/STD-unoconcinco-v2.jpg","twitter_creator":"@fdnc_es","twitter_site":"@fdnc_es","twitter_misc":{"Escrito por":"macu@acercacomunicacion.es","Tiempo de lectura":"3 minutos"},"schema":{"@context":"https:\/\/schema.org","@graph":[{"@type":"Article","@id":"https:\/\/fondationcarasso.org\/es\/noticias\/std-tercera-edicion-unoconcinco\/#article","isPartOf":{"@id":"https:\/\/fondationcarasso.org\/es\/noticias\/std-tercera-edicion-unoconcinco\/"},"author":{"name":"macu@acercacomunicacion.es","@id":"https:\/\/fondationcarasso.org\/es\/#\/schema\/person\/df1f2ff025279dfee399540ec514a0c4"},"headline":"Una mesa com\u00fan para un futuro compartido, eje de la tercera edici\u00f3n de unoconcinco","datePublished":"2026-02-20T09:13:33+00:00","dateModified":"2026-02-27T11:34:32+00:00","mainEntityOfPage":{"@id":"https:\/\/fondationcarasso.org\/es\/noticias\/std-tercera-edicion-unoconcinco\/"},"wordCount":16,"publisher":{"@id":"https:\/\/fondationcarasso.org\/es\/#organization"},"keywords":["unoconcinco"],"articleSection":["Pr\u00e1cticas agroecol\u00f3gicas"],"inLanguage":"es"},{"@type":"WebPage","@id":"https:\/\/fondationcarasso.org\/es\/noticias\/std-tercera-edicion-unoconcinco\/","url":"https:\/\/fondationcarasso.org\/es\/noticias\/std-tercera-edicion-unoconcinco\/","name":"STD Tercera Edici\u00f3n: UnoCinco | Fundaci\u00f3n Daniel y Nina Carasso","isPartOf":{"@id":"https:\/\/fondationcarasso.org\/es\/#website"},"datePublished":"2026-02-20T09:13:33+00:00","dateModified":"2026-02-27T11:34:32+00:00","description":"Desde la Fundaci\u00f3n Daniel y Nina Carasso nos alegra anunciar la tercera edici\u00f3n de unoconcinco | Encuentros de la Alimentaci\u00f3n Sostenible, que se celebrar\u00e1 el pr\u00f3ximo 18 de junio en el espacio Infinito Delicias, de Madrid. Con una programaci\u00f3n muy variada en la que se abordar\u00e1n tem\u00e1ticas de actualidad, esta cita bienal se reafirma como un espacio de escucha, di\u00e1logo y colaboraci\u00f3n para dar respuesta a los retos de la alimentaci\u00f3n sostenible en Espa\u00f1a.","breadcrumb":{"@id":"https:\/\/fondationcarasso.org\/es\/noticias\/std-tercera-edicion-unoconcinco\/#breadcrumb"},"inLanguage":"es","potentialAction":[{"@type":"ReadAction","target":["https:\/\/fondationcarasso.org\/es\/noticias\/std-tercera-edicion-unoconcinco\/"]}]},{"@type":"BreadcrumbList","@id":"https:\/\/fondationcarasso.org\/es\/noticias\/std-tercera-edicion-unoconcinco\/#breadcrumb","itemListElement":[{"@type":"ListItem","position":1,"name":"Portada","item":"https:\/\/fondationcarasso.org\/es\/"},{"@type":"ListItem","position":2,"name":"Una mesa com\u00fan para un futuro compartido, eje de la tercera edici\u00f3n de unoconcinco"}]},{"@type":"WebSite","@id":"https:\/\/fondationcarasso.org\/es\/#website","url":"https:\/\/fondationcarasso.org\/es\/","name":"Fundaci\u00f3n Nina Carasso","description":"","publisher":{"@id":"https:\/\/fondationcarasso.org\/es\/#organization"},"potentialAction":[{"@type":"SearchAction","target":{"@type":"EntryPoint","urlTemplate":"https:\/\/fondationcarasso.org\/es\/?s={search_term_string}"},"query-input":{"@type":"PropertyValueSpecification","valueRequired":true,"valueName":"search_term_string"}}],"inLanguage":"es"},{"@type":"Organization","@id":"https:\/\/fondationcarasso.org\/es\/#organization","name":"Fundaci\u00f3n Nina Carasso","url":"https:\/\/fondationcarasso.org\/es\/","logo":{"@type":"ImageObject","inLanguage":"es","@id":"https:\/\/fondationcarasso.org\/es\/#\/schema\/logo\/image\/","url":"https:\/\/fondationcarasso.org\/es\/wp-content\/uploads\/2025\/10\/logo-carasso.svg","contentUrl":"https:\/\/fondationcarasso.org\/es\/wp-content\/uploads\/2025\/10\/logo-carasso.svg","width":185,"height":76,"caption":"Fundaci\u00f3n Nina Carasso"},"image":{"@id":"https:\/\/fondationcarasso.org\/es\/#\/schema\/logo\/image\/"},"sameAs":["https:\/\/x.com\/fdnc_es","https:\/\/bsky.app\/profile\/fundacioncarasso.bsky.social","https:\/\/www.youtube.com\/channel\/UC5siDGy3g1QZoxsuieyH6eg","https:\/\/www.instagram.com\/fundacion_carasso\/?hl=es","https:\/\/es.linkedin.com\/company\/fundacion-daniel-nina-carasso"]},{"@type":"Person","@id":"https:\/\/fondationcarasso.org\/es\/#\/schema\/person\/df1f2ff025279dfee399540ec514a0c4","name":"macu@acercacomunicacion.es"}]}},"_links":{"self":[{"href":"https:\/\/fondationcarasso.org\/es\/wp-json\/wp\/v2\/posts\/20302","targetHints":{"allow":["GET"]}}],"collection":[{"href":"https:\/\/fondationcarasso.org\/es\/wp-json\/wp\/v2\/posts"}],"about":[{"href":"https:\/\/fondationcarasso.org\/es\/wp-json\/wp\/v2\/types\/post"}],"author":[{"embeddable":true,"href":"https:\/\/fondationcarasso.org\/es\/wp-json\/wp\/v2\/users\/7"}],"replies":[{"embeddable":true,"href":"https:\/\/fondationcarasso.org\/es\/wp-json\/wp\/v2\/comments?post=20302"}],"version-history":[{"count":3,"href":"https:\/\/fondationcarasso.org\/es\/wp-json\/wp\/v2\/posts\/20302\/revisions"}],"predecessor-version":[{"id":20340,"href":"https:\/\/fondationcarasso.org\/es\/wp-json\/wp\/v2\/posts\/20302\/revisions\/20340"}],"wp:attachment":[{"href":"https:\/\/fondationcarasso.org\/es\/wp-json\/wp\/v2\/media?parent=20302"}],"wp:term":[{"taxonomy":"category","embeddable":true,"href":"https:\/\/fondationcarasso.org\/es\/wp-json\/wp\/v2\/categories?post=20302"},{"taxonomy":"post_tag","embeddable":true,"href":"https:\/\/fondationcarasso.org\/es\/wp-json\/wp\/v2\/tags?post=20302"}],"curies":[{"name":"wp","href":"https:\/\/api.w.org\/{rel}","templated":true}]}}