{"id":22314,"date":"2026-04-22T12:49:18","date_gmt":"2026-04-22T10:49:18","guid":{"rendered":"https:\/\/fondationcarasso.org\/es\/noticias\/borrador-automatico\/"},"modified":"2026-04-22T12:49:18","modified_gmt":"2026-04-22T10:49:18","slug":"seleccionados-tiina-cuarta-edicion","status":"publish","type":"post","link":"https:\/\/fondationcarasso.org\/es\/noticias\/seleccionados-tiina-cuarta-edicion\/","title":{"rendered":"Conoce los ocho proyectos financiados en la cuarta edici\u00f3n de Tiina"},"content":{"rendered":"","protected":false},"excerpt":{"rendered":"","protected":false},"author":7,"featured_media":0,"comment_status":"closed","ping_status":"closed","sticky":false,"template":"","format":"standard","meta":{"_acf_changed":false,"inline_featured_image":false,"footnotes":""},"categories":[1],"tags":[],"class_list":["post-22314","post","type-post","status-publish","format-standard","hentry","category-sin-categoria","tipo_proyecto-inversion-de-impacto"],"acf":[],"yoast_head":"<!-- This site is optimized with the Yoast SEO Premium plugin v27.1 (Yoast SEO v27.1.1) - https:\/\/yoast.com\/product\/yoast-seo-premium-wordpress\/ -->\n<title>Conoce los ocho proyectos financiados en la cuarta edici\u00f3n de Tiina - Fundaci\u00f3n Nina Carasso<\/title>\n<meta name=\"description\" content=\"Conoce a los ocho proyectos financiados en la cuarta edici\u00f3n de Tiina\" \/>\n<meta name=\"robots\" content=\"index, follow, max-snippet:-1, max-image-preview:large, max-video-preview:-1\" \/>\n<link rel=\"canonical\" href=\"https:\/\/fondationcarasso.org\/es\/noticias\/seleccionados-tiina-cuarta-edicion\/\" \/>\n<meta property=\"og:locale\" content=\"es_ES\" \/>\n<meta property=\"og:type\" content=\"article\" \/>\n<meta property=\"og:title\" content=\"Conoce los ocho proyectos financiados en la cuarta edici\u00f3n de Tiina Conoce los ocho proyectos financiados en la cuarta edici\u00f3n de Tiina\" \/>\n<meta property=\"og:description\" content=\"El programa de inversi\u00f3n de impacto Tiina concluy\u00f3 su cuarta edici\u00f3n el pasado 16 de abril con el Community Day, un encuentro en el que se dieron a conocer los ocho proyectos que han accedido al fondo de pr\u00e9stamos y a la fase de acompa\u00f1amiento post-inversi\u00f3n.\" \/>\n<meta property=\"og:url\" content=\"https:\/\/fondationcarasso.org\/es\/noticias\/seleccionados-tiina-cuarta-edicion\/\" \/>\n<meta property=\"og:site_name\" content=\"Fundaci\u00f3n Nina Carasso\" \/>\n<meta property=\"article:published_time\" content=\"2026-04-22T10:49:18+00:00\" \/>\n<meta property=\"og:image\" content=\"https:\/\/fondationcarasso.org\/es\/wp-content\/uploads\/2026\/04\/WhatsApp-Image-2026-04-16-at-19.31.59.jpeg\" \/>\n\t<meta property=\"og:image:width\" content=\"2048\" \/>\n\t<meta property=\"og:image:height\" content=\"1365\" \/>\n\t<meta property=\"og:image:type\" content=\"image\/jpeg\" \/>\n<meta name=\"author\" content=\"macu@acercacomunicacion.es\" \/>\n<meta name=\"twitter:card\" content=\"summary_large_image\" \/>\n<meta name=\"twitter:title\" content=\"Conoce los ocho proyectos financiados en la cuarta edici\u00f3n de Tiina Conoce los ocho proyectos financiados en la cuarta edici\u00f3n de Tiina\" \/>\n<meta name=\"twitter:description\" content=\"El programa de inversi\u00f3n de impacto Tiina concluy\u00f3 su cuarta edici\u00f3n el pasado 16 de abril con el Community Day, un encuentro en el que se dieron a conocer los ocho proyectos que han accedido al fondo de pr\u00e9stamos y a la fase de acompa\u00f1amiento post-inversi\u00f3n.\" \/>\n<meta name=\"twitter:creator\" content=\"@fdnc_es\" \/>\n<meta name=\"twitter:site\" content=\"@fdnc_es\" \/>\n<meta name=\"twitter:label1\" content=\"Escrito por\" \/>\n\t<meta name=\"twitter:data1\" content=\"macu@acercacomunicacion.es\" \/>\n\t<meta name=\"twitter:label2\" content=\"Tiempo de lectura\" \/>\n\t<meta name=\"twitter:data2\" content=\"6 minutos\" \/>\n<script type=\"application\/ld+json\" class=\"yoast-schema-graph\">{\"@context\":\"https:\/\/schema.org\",\"@graph\":[{\"@type\":\"Article\",\"@id\":\"https:\/\/fondationcarasso.org\/es\/noticias\/seleccionados-tiina-cuarta-edicion\/#article\",\"isPartOf\":{\"@id\":\"https:\/\/fondationcarasso.org\/es\/noticias\/seleccionados-tiina-cuarta-edicion\/\"},\"author\":{\"name\":\"macu@acercacomunicacion.es\",\"@id\":\"https:\/\/fondationcarasso.org\/es\/#\/schema\/person\/df1f2ff025279dfee399540ec514a0c4\"},\"headline\":\"Conoce los ocho proyectos financiados en la cuarta edici\u00f3n de Tiina\",\"datePublished\":\"2026-04-22T10:49:18+00:00\",\"mainEntityOfPage\":{\"@id\":\"https:\/\/fondationcarasso.org\/es\/noticias\/seleccionados-tiina-cuarta-edicion\/\"},\"wordCount\":12,\"publisher\":{\"@id\":\"https:\/\/fondationcarasso.org\/es\/#organization\"},\"inLanguage\":\"es\"},{\"@type\":\"WebPage\",\"@id\":\"https:\/\/fondationcarasso.org\/es\/noticias\/seleccionados-tiina-cuarta-edicion\/\",\"url\":\"https:\/\/fondationcarasso.org\/es\/noticias\/seleccionados-tiina-cuarta-edicion\/\",\"name\":\"Conoce los ocho proyectos financiados en la cuarta edici\u00f3n de Tiina - Fundaci\u00f3n Nina Carasso\",\"isPartOf\":{\"@id\":\"https:\/\/fondationcarasso.org\/es\/#website\"},\"datePublished\":\"2026-04-22T10:49:18+00:00\",\"description\":\"Conoce a los ocho proyectos financiados en la cuarta edici\u00f3n de Tiina\",\"breadcrumb\":{\"@id\":\"https:\/\/fondationcarasso.org\/es\/noticias\/seleccionados-tiina-cuarta-edicion\/#breadcrumb\"},\"inLanguage\":\"es\",\"potentialAction\":[{\"@type\":\"ReadAction\",\"target\":[\"https:\/\/fondationcarasso.org\/es\/noticias\/seleccionados-tiina-cuarta-edicion\/\"]}]},{\"@type\":\"BreadcrumbList\",\"@id\":\"https:\/\/fondationcarasso.org\/es\/noticias\/seleccionados-tiina-cuarta-edicion\/#breadcrumb\",\"itemListElement\":[{\"@type\":\"ListItem\",\"position\":1,\"name\":\"Portada\",\"item\":\"https:\/\/fondationcarasso.org\/es\/\"},{\"@type\":\"ListItem\",\"position\":2,\"name\":\"Conoce los ocho proyectos financiados en la cuarta edici\u00f3n de Tiina\"}]},{\"@type\":\"WebSite\",\"@id\":\"https:\/\/fondationcarasso.org\/es\/#website\",\"url\":\"https:\/\/fondationcarasso.org\/es\/\",\"name\":\"Fundaci\u00f3n Nina Carasso\",\"description\":\"\",\"publisher\":{\"@id\":\"https:\/\/fondationcarasso.org\/es\/#organization\"},\"potentialAction\":[{\"@type\":\"SearchAction\",\"target\":{\"@type\":\"EntryPoint\",\"urlTemplate\":\"https:\/\/fondationcarasso.org\/es\/?s={search_term_string}\"},\"query-input\":{\"@type\":\"PropertyValueSpecification\",\"valueRequired\":true,\"valueName\":\"search_term_string\"}}],\"inLanguage\":\"es\"},{\"@type\":\"Organization\",\"@id\":\"https:\/\/fondationcarasso.org\/es\/#organization\",\"name\":\"Fundaci\u00f3n Nina Carasso\",\"url\":\"https:\/\/fondationcarasso.org\/es\/\",\"logo\":{\"@type\":\"ImageObject\",\"inLanguage\":\"es\",\"@id\":\"https:\/\/fondationcarasso.org\/es\/#\/schema\/logo\/image\/\",\"url\":\"https:\/\/fondationcarasso.org\/es\/wp-content\/uploads\/2025\/10\/logo-carasso.svg\",\"contentUrl\":\"https:\/\/fondationcarasso.org\/es\/wp-content\/uploads\/2025\/10\/logo-carasso.svg\",\"width\":185,\"height\":76,\"caption\":\"Fundaci\u00f3n Nina Carasso\"},\"image\":{\"@id\":\"https:\/\/fondationcarasso.org\/es\/#\/schema\/logo\/image\/\"},\"sameAs\":[\"https:\/\/x.com\/fdnc_es\",\"https:\/\/bsky.app\/profile\/fundacioncarasso.bsky.social\",\"https:\/\/www.youtube.com\/channel\/UC5siDGy3g1QZoxsuieyH6eg\",\"https:\/\/www.instagram.com\/fundacion_carasso\/?hl=es\",\"https:\/\/es.linkedin.com\/company\/fundacion-daniel-nina-carasso\"]},{\"@type\":\"Person\",\"@id\":\"https:\/\/fondationcarasso.org\/es\/#\/schema\/person\/df1f2ff025279dfee399540ec514a0c4\",\"name\":\"macu@acercacomunicacion.es\"}]}<\/script>\n<!-- \/ Yoast SEO Premium plugin. -->","yoast_head_json":{"title":"Conoce los ocho proyectos financiados en la cuarta edici\u00f3n de Tiina - Fundaci\u00f3n Nina Carasso","description":"Conoce a los ocho proyectos financiados en la cuarta edici\u00f3n de Tiina","robots":{"index":"index","follow":"follow","max-snippet":"max-snippet:-1","max-image-preview":"max-image-preview:large","max-video-preview":"max-video-preview:-1"},"canonical":"https:\/\/fondationcarasso.org\/es\/noticias\/seleccionados-tiina-cuarta-edicion\/","og_locale":"es_ES","og_type":"article","og_title":"Conoce los ocho proyectos financiados en la cuarta edici\u00f3n de Tiina Conoce los ocho proyectos financiados en la cuarta edici\u00f3n de Tiina","og_description":"El programa de inversi\u00f3n de impacto Tiina concluy\u00f3 su cuarta edici\u00f3n el pasado 16 de abril con el Community Day, un encuentro en el que se dieron a conocer los ocho proyectos que han accedido al fondo de pr\u00e9stamos y a la fase de acompa\u00f1amiento post-inversi\u00f3n.","og_url":"https:\/\/fondationcarasso.org\/es\/noticias\/seleccionados-tiina-cuarta-edicion\/","og_site_name":"Fundaci\u00f3n Nina Carasso","article_published_time":"2026-04-22T10:49:18+00:00","og_image":[{"width":2048,"height":1365,"url":"https:\/\/fondationcarasso.org\/es\/wp-content\/uploads\/2026\/04\/WhatsApp-Image-2026-04-16-at-19.31.59.jpeg","type":"image\/jpeg"}],"author":"macu@acercacomunicacion.es","twitter_card":"summary_large_image","twitter_title":"Conoce los ocho proyectos financiados en la cuarta edici\u00f3n de Tiina Conoce los ocho proyectos financiados en la cuarta edici\u00f3n de Tiina","twitter_description":"El programa de inversi\u00f3n de impacto Tiina concluy\u00f3 su cuarta edici\u00f3n el pasado 16 de abril con el Community Day, un encuentro en el que se dieron a conocer los ocho proyectos que han accedido al fondo de pr\u00e9stamos y a la fase de acompa\u00f1amiento post-inversi\u00f3n.","twitter_creator":"@fdnc_es","twitter_site":"@fdnc_es","twitter_misc":{"Escrito por":"macu@acercacomunicacion.es","Tiempo de lectura":"6 minutos"},"schema":{"@context":"https:\/\/schema.org","@graph":[{"@type":"Article","@id":"https:\/\/fondationcarasso.org\/es\/noticias\/seleccionados-tiina-cuarta-edicion\/#article","isPartOf":{"@id":"https:\/\/fondationcarasso.org\/es\/noticias\/seleccionados-tiina-cuarta-edicion\/"},"author":{"name":"macu@acercacomunicacion.es","@id":"https:\/\/fondationcarasso.org\/es\/#\/schema\/person\/df1f2ff025279dfee399540ec514a0c4"},"headline":"Conoce los ocho proyectos financiados en la cuarta edici\u00f3n de Tiina","datePublished":"2026-04-22T10:49:18+00:00","mainEntityOfPage":{"@id":"https:\/\/fondationcarasso.org\/es\/noticias\/seleccionados-tiina-cuarta-edicion\/"},"wordCount":12,"publisher":{"@id":"https:\/\/fondationcarasso.org\/es\/#organization"},"inLanguage":"es"},{"@type":"WebPage","@id":"https:\/\/fondationcarasso.org\/es\/noticias\/seleccionados-tiina-cuarta-edicion\/","url":"https:\/\/fondationcarasso.org\/es\/noticias\/seleccionados-tiina-cuarta-edicion\/","name":"Conoce los ocho proyectos financiados en la cuarta edici\u00f3n de Tiina - Fundaci\u00f3n Nina Carasso","isPartOf":{"@id":"https:\/\/fondationcarasso.org\/es\/#website"},"datePublished":"2026-04-22T10:49:18+00:00","description":"Conoce a los ocho proyectos financiados en la cuarta edici\u00f3n de Tiina","breadcrumb":{"@id":"https:\/\/fondationcarasso.org\/es\/noticias\/seleccionados-tiina-cuarta-edicion\/#breadcrumb"},"inLanguage":"es","potentialAction":[{"@type":"ReadAction","target":["https:\/\/fondationcarasso.org\/es\/noticias\/seleccionados-tiina-cuarta-edicion\/"]}]},{"@type":"BreadcrumbList","@id":"https:\/\/fondationcarasso.org\/es\/noticias\/seleccionados-tiina-cuarta-edicion\/#breadcrumb","itemListElement":[{"@type":"ListItem","position":1,"name":"Portada","item":"https:\/\/fondationcarasso.org\/es\/"},{"@type":"ListItem","position":2,"name":"Conoce los ocho proyectos financiados en la cuarta edici\u00f3n de Tiina"}]},{"@type":"WebSite","@id":"https:\/\/fondationcarasso.org\/es\/#website","url":"https:\/\/fondationcarasso.org\/es\/","name":"Fundaci\u00f3n Nina Carasso","description":"","publisher":{"@id":"https:\/\/fondationcarasso.org\/es\/#organization"},"potentialAction":[{"@type":"SearchAction","target":{"@type":"EntryPoint","urlTemplate":"https:\/\/fondationcarasso.org\/es\/?s={search_term_string}"},"query-input":{"@type":"PropertyValueSpecification","valueRequired":true,"valueName":"search_term_string"}}],"inLanguage":"es"},{"@type":"Organization","@id":"https:\/\/fondationcarasso.org\/es\/#organization","name":"Fundaci\u00f3n Nina Carasso","url":"https:\/\/fondationcarasso.org\/es\/","logo":{"@type":"ImageObject","inLanguage":"es","@id":"https:\/\/fondationcarasso.org\/es\/#\/schema\/logo\/image\/","url":"https:\/\/fondationcarasso.org\/es\/wp-content\/uploads\/2025\/10\/logo-carasso.svg","contentUrl":"https:\/\/fondationcarasso.org\/es\/wp-content\/uploads\/2025\/10\/logo-carasso.svg","width":185,"height":76,"caption":"Fundaci\u00f3n Nina Carasso"},"image":{"@id":"https:\/\/fondationcarasso.org\/es\/#\/schema\/logo\/image\/"},"sameAs":["https:\/\/x.com\/fdnc_es","https:\/\/bsky.app\/profile\/fundacioncarasso.bsky.social","https:\/\/www.youtube.com\/channel\/UC5siDGy3g1QZoxsuieyH6eg","https:\/\/www.instagram.com\/fundacion_carasso\/?hl=es","https:\/\/es.linkedin.com\/company\/fundacion-daniel-nina-carasso"]},{"@type":"Person","@id":"https:\/\/fondationcarasso.org\/es\/#\/schema\/person\/df1f2ff025279dfee399540ec514a0c4","name":"macu@acercacomunicacion.es"}]}},"_links":{"self":[{"href":"https:\/\/fondationcarasso.org\/es\/wp-json\/wp\/v2\/posts\/22314","targetHints":{"allow":["GET"]}}],"collection":[{"href":"https:\/\/fondationcarasso.org\/es\/wp-json\/wp\/v2\/posts"}],"about":[{"href":"https:\/\/fondationcarasso.org\/es\/wp-json\/wp\/v2\/types\/post"}],"author":[{"embeddable":true,"href":"https:\/\/fondationcarasso.org\/es\/wp-json\/wp\/v2\/users\/7"}],"replies":[{"embeddable":true,"href":"https:\/\/fondationcarasso.org\/es\/wp-json\/wp\/v2\/comments?post=22314"}],"version-history":[{"count":4,"href":"https:\/\/fondationcarasso.org\/es\/wp-json\/wp\/v2\/posts\/22314\/revisions"}],"predecessor-version":[{"id":22333,"href":"https:\/\/fondationcarasso.org\/es\/wp-json\/wp\/v2\/posts\/22314\/revisions\/22333"}],"wp:attachment":[{"href":"https:\/\/fondationcarasso.org\/es\/wp-json\/wp\/v2\/media?parent=22314"}],"wp:term":[{"taxonomy":"category","embeddable":true,"href":"https:\/\/fondationcarasso.org\/es\/wp-json\/wp\/v2\/categories?post=22314"},{"taxonomy":"post_tag","embeddable":true,"href":"https:\/\/fondationcarasso.org\/es\/wp-json\/wp\/v2\/tags?post=22314"}],"curies":[{"name":"wp","href":"https:\/\/api.w.org\/{rel}","templated":true}]}}