{"id":2247,"date":"2019-10-30T11:41:44","date_gmt":"2019-10-30T10:41:44","guid":{"rendered":"http:\/\/fondationcarasso.org\/es\/noticias\/apoyamos-ipes-food-para-potenciar-la-transicion-alimentaria\/"},"modified":"2026-02-27T11:38:44","modified_gmt":"2026-02-27T10:38:44","slug":"apoyamos-ipes-food-para-potenciar-la-transicion-alimentaria","status":"publish","type":"post","link":"https:\/\/fondationcarasso.org\/es\/noticias\/apoyamos-ipes-food-para-potenciar-la-transicion-alimentaria\/","title":{"rendered":"Apoyamos IPES-Food para potenciar la transici\u00f3n alimentaria"},"content":{"rendered":"","protected":false},"excerpt":{"rendered":"","protected":false},"author":2,"featured_media":0,"comment_status":"open","ping_status":"open","sticky":false,"template":"","format":"standard","meta":{"_acf_changed":false,"inline_featured_image":false,"footnotes":""},"categories":[20],"tags":[],"class_list":["post-2247","post","type-post","status-publish","format-standard","hentry","category-practicas-agroecologicas","tipo_proyecto-alimentacion-sostenible"],"acf":[],"yoast_head":"<!-- This site is optimized with the Yoast SEO Premium plugin v27.1 (Yoast SEO v27.1.1) - https:\/\/yoast.com\/product\/yoast-seo-premium-wordpress\/ -->\n<title>Apoyo a IPES-Food para la Transici\u00f3n Alimentaria Sostenible<\/title>\n<meta name=\"description\" content=\"La Fundaci\u00f3n Daniel y Nina Carasso apoya a IPES-Food para potenciar la transici\u00f3n hacia sistemas alimentarios sostenibles y resilientes a nivel global.\" \/>\n<meta name=\"robots\" content=\"index, follow, max-snippet:-1, max-image-preview:large, max-video-preview:-1\" \/>\n<link rel=\"canonical\" href=\"https:\/\/fondationcarasso.org\/es\/noticias\/apoyamos-ipes-food-para-potenciar-la-transicion-alimentaria\/\" \/>\n<meta property=\"og:locale\" content=\"es_ES\" \/>\n<meta property=\"og:type\" content=\"article\" \/>\n<meta property=\"og:title\" content=\"Apoyamos IPES-Food para potenciar la transici\u00f3n alimentaria\" \/>\n<meta property=\"og:description\" content=\"La Fundaci\u00f3n Daniel y Nina Carasso apoya a IPES-Food para potenciar la transici\u00f3n hacia sistemas alimentarios sostenibles y resilientes a nivel global.\" \/>\n<meta property=\"og:url\" content=\"https:\/\/fondationcarasso.org\/es\/noticias\/apoyamos-ipes-food-para-potenciar-la-transicion-alimentaria\/\" \/>\n<meta property=\"og:site_name\" content=\"Fundaci\u00f3n Nina Carasso\" \/>\n<meta property=\"article:published_time\" content=\"2019-10-30T10:41:44+00:00\" \/>\n<meta property=\"article:modified_time\" content=\"2026-02-27T10:38:44+00:00\" \/>\n<meta name=\"author\" content=\"admin_carasso\" \/>\n<meta name=\"twitter:card\" content=\"summary_large_image\" \/>\n<meta name=\"twitter:creator\" content=\"@fdnc_es\" \/>\n<meta name=\"twitter:site\" content=\"@fdnc_es\" \/>\n<meta name=\"twitter:label1\" content=\"Escrito por\" \/>\n\t<meta name=\"twitter:data1\" content=\"admin_carasso\" \/>\n\t<meta name=\"twitter:label2\" content=\"Tiempo de lectura\" \/>\n\t<meta name=\"twitter:data2\" content=\"4 minutos\" \/>\n<script type=\"application\/ld+json\" class=\"yoast-schema-graph\">{\"@context\":\"https:\/\/schema.org\",\"@graph\":[{\"@type\":\"Article\",\"@id\":\"https:\/\/fondationcarasso.org\/es\/noticias\/apoyamos-ipes-food-para-potenciar-la-transicion-alimentaria\/#article\",\"isPartOf\":{\"@id\":\"https:\/\/fondationcarasso.org\/es\/noticias\/apoyamos-ipes-food-para-potenciar-la-transicion-alimentaria\/\"},\"author\":{\"name\":\"admin_carasso\",\"@id\":\"https:\/\/fondationcarasso.org\/es\/#\/schema\/person\/7d21ab9e583c0e5ffea7722e20831694\"},\"headline\":\"Apoyamos IPES-Food para potenciar la transici\u00f3n alimentaria\",\"datePublished\":\"2019-10-30T10:41:44+00:00\",\"dateModified\":\"2026-02-27T10:38:44+00:00\",\"mainEntityOfPage\":{\"@id\":\"https:\/\/fondationcarasso.org\/es\/noticias\/apoyamos-ipes-food-para-potenciar-la-transicion-alimentaria\/\"},\"wordCount\":8,\"commentCount\":0,\"publisher\":{\"@id\":\"https:\/\/fondationcarasso.org\/es\/#organization\"},\"articleSection\":[\"Pr\u00e1cticas agroecol\u00f3gicas\"],\"inLanguage\":\"es\",\"potentialAction\":[{\"@type\":\"CommentAction\",\"name\":\"Comment\",\"target\":[\"https:\/\/fondationcarasso.org\/es\/noticias\/apoyamos-ipes-food-para-potenciar-la-transicion-alimentaria\/#respond\"]}]},{\"@type\":\"WebPage\",\"@id\":\"https:\/\/fondationcarasso.org\/es\/noticias\/apoyamos-ipes-food-para-potenciar-la-transicion-alimentaria\/\",\"url\":\"https:\/\/fondationcarasso.org\/es\/noticias\/apoyamos-ipes-food-para-potenciar-la-transicion-alimentaria\/\",\"name\":\"Apoyo a IPES-Food para la Transici\u00f3n Alimentaria Sostenible\",\"isPartOf\":{\"@id\":\"https:\/\/fondationcarasso.org\/es\/#website\"},\"datePublished\":\"2019-10-30T10:41:44+00:00\",\"dateModified\":\"2026-02-27T10:38:44+00:00\",\"description\":\"La Fundaci\u00f3n Daniel y Nina Carasso apoya a IPES-Food para potenciar la transici\u00f3n hacia sistemas alimentarios sostenibles y resilientes a nivel global.\",\"breadcrumb\":{\"@id\":\"https:\/\/fondationcarasso.org\/es\/noticias\/apoyamos-ipes-food-para-potenciar-la-transicion-alimentaria\/#breadcrumb\"},\"inLanguage\":\"es\",\"potentialAction\":[{\"@type\":\"ReadAction\",\"target\":[\"https:\/\/fondationcarasso.org\/es\/noticias\/apoyamos-ipes-food-para-potenciar-la-transicion-alimentaria\/\"]}]},{\"@type\":\"BreadcrumbList\",\"@id\":\"https:\/\/fondationcarasso.org\/es\/noticias\/apoyamos-ipes-food-para-potenciar-la-transicion-alimentaria\/#breadcrumb\",\"itemListElement\":[{\"@type\":\"ListItem\",\"position\":1,\"name\":\"Portada\",\"item\":\"https:\/\/fondationcarasso.org\/es\/\"},{\"@type\":\"ListItem\",\"position\":2,\"name\":\"Apoyamos IPES-Food para potenciar la transici\u00f3n alimentaria\"}]},{\"@type\":\"WebSite\",\"@id\":\"https:\/\/fondationcarasso.org\/es\/#website\",\"url\":\"https:\/\/fondationcarasso.org\/es\/\",\"name\":\"Fundaci\u00f3n Nina Carasso\",\"description\":\"\",\"publisher\":{\"@id\":\"https:\/\/fondationcarasso.org\/es\/#organization\"},\"potentialAction\":[{\"@type\":\"SearchAction\",\"target\":{\"@type\":\"EntryPoint\",\"urlTemplate\":\"https:\/\/fondationcarasso.org\/es\/?s={search_term_string}\"},\"query-input\":{\"@type\":\"PropertyValueSpecification\",\"valueRequired\":true,\"valueName\":\"search_term_string\"}}],\"inLanguage\":\"es\"},{\"@type\":\"Organization\",\"@id\":\"https:\/\/fondationcarasso.org\/es\/#organization\",\"name\":\"Fundaci\u00f3n Nina Carasso\",\"url\":\"https:\/\/fondationcarasso.org\/es\/\",\"logo\":{\"@type\":\"ImageObject\",\"inLanguage\":\"es\",\"@id\":\"https:\/\/fondationcarasso.org\/es\/#\/schema\/logo\/image\/\",\"url\":\"https:\/\/fondationcarasso.org\/es\/wp-content\/uploads\/2025\/10\/logo-carasso.svg\",\"contentUrl\":\"https:\/\/fondationcarasso.org\/es\/wp-content\/uploads\/2025\/10\/logo-carasso.svg\",\"width\":185,\"height\":76,\"caption\":\"Fundaci\u00f3n Nina Carasso\"},\"image\":{\"@id\":\"https:\/\/fondationcarasso.org\/es\/#\/schema\/logo\/image\/\"},\"sameAs\":[\"https:\/\/x.com\/fdnc_es\",\"https:\/\/bsky.app\/profile\/fundacioncarasso.bsky.social\",\"https:\/\/www.youtube.com\/channel\/UC5siDGy3g1QZoxsuieyH6eg\",\"https:\/\/www.instagram.com\/fundacion_carasso\/?hl=es\",\"https:\/\/es.linkedin.com\/company\/fundacion-daniel-nina-carasso\"]},{\"@type\":\"Person\",\"@id\":\"https:\/\/fondationcarasso.org\/es\/#\/schema\/person\/7d21ab9e583c0e5ffea7722e20831694\",\"name\":\"admin_carasso\"}]}<\/script>\n<!-- \/ Yoast SEO Premium plugin. -->","yoast_head_json":{"title":"Apoyo a IPES-Food para la Transici\u00f3n Alimentaria Sostenible","description":"La Fundaci\u00f3n Daniel y Nina Carasso apoya a IPES-Food para potenciar la transici\u00f3n hacia sistemas alimentarios sostenibles y resilientes a nivel global.","robots":{"index":"index","follow":"follow","max-snippet":"max-snippet:-1","max-image-preview":"max-image-preview:large","max-video-preview":"max-video-preview:-1"},"canonical":"https:\/\/fondationcarasso.org\/es\/noticias\/apoyamos-ipes-food-para-potenciar-la-transicion-alimentaria\/","og_locale":"es_ES","og_type":"article","og_title":"Apoyamos IPES-Food para potenciar la transici\u00f3n alimentaria","og_description":"La Fundaci\u00f3n Daniel y Nina Carasso apoya a IPES-Food para potenciar la transici\u00f3n hacia sistemas alimentarios sostenibles y resilientes a nivel global.","og_url":"https:\/\/fondationcarasso.org\/es\/noticias\/apoyamos-ipes-food-para-potenciar-la-transicion-alimentaria\/","og_site_name":"Fundaci\u00f3n Nina Carasso","article_published_time":"2019-10-30T10:41:44+00:00","article_modified_time":"2026-02-27T10:38:44+00:00","author":"admin_carasso","twitter_card":"summary_large_image","twitter_creator":"@fdnc_es","twitter_site":"@fdnc_es","twitter_misc":{"Escrito por":"admin_carasso","Tiempo de lectura":"4 minutos"},"schema":{"@context":"https:\/\/schema.org","@graph":[{"@type":"Article","@id":"https:\/\/fondationcarasso.org\/es\/noticias\/apoyamos-ipes-food-para-potenciar-la-transicion-alimentaria\/#article","isPartOf":{"@id":"https:\/\/fondationcarasso.org\/es\/noticias\/apoyamos-ipes-food-para-potenciar-la-transicion-alimentaria\/"},"author":{"name":"admin_carasso","@id":"https:\/\/fondationcarasso.org\/es\/#\/schema\/person\/7d21ab9e583c0e5ffea7722e20831694"},"headline":"Apoyamos IPES-Food para potenciar la transici\u00f3n alimentaria","datePublished":"2019-10-30T10:41:44+00:00","dateModified":"2026-02-27T10:38:44+00:00","mainEntityOfPage":{"@id":"https:\/\/fondationcarasso.org\/es\/noticias\/apoyamos-ipes-food-para-potenciar-la-transicion-alimentaria\/"},"wordCount":8,"commentCount":0,"publisher":{"@id":"https:\/\/fondationcarasso.org\/es\/#organization"},"articleSection":["Pr\u00e1cticas agroecol\u00f3gicas"],"inLanguage":"es","potentialAction":[{"@type":"CommentAction","name":"Comment","target":["https:\/\/fondationcarasso.org\/es\/noticias\/apoyamos-ipes-food-para-potenciar-la-transicion-alimentaria\/#respond"]}]},{"@type":"WebPage","@id":"https:\/\/fondationcarasso.org\/es\/noticias\/apoyamos-ipes-food-para-potenciar-la-transicion-alimentaria\/","url":"https:\/\/fondationcarasso.org\/es\/noticias\/apoyamos-ipes-food-para-potenciar-la-transicion-alimentaria\/","name":"Apoyo a IPES-Food para la Transici\u00f3n Alimentaria Sostenible","isPartOf":{"@id":"https:\/\/fondationcarasso.org\/es\/#website"},"datePublished":"2019-10-30T10:41:44+00:00","dateModified":"2026-02-27T10:38:44+00:00","description":"La Fundaci\u00f3n Daniel y Nina Carasso apoya a IPES-Food para potenciar la transici\u00f3n hacia sistemas alimentarios sostenibles y resilientes a nivel global.","breadcrumb":{"@id":"https:\/\/fondationcarasso.org\/es\/noticias\/apoyamos-ipes-food-para-potenciar-la-transicion-alimentaria\/#breadcrumb"},"inLanguage":"es","potentialAction":[{"@type":"ReadAction","target":["https:\/\/fondationcarasso.org\/es\/noticias\/apoyamos-ipes-food-para-potenciar-la-transicion-alimentaria\/"]}]},{"@type":"BreadcrumbList","@id":"https:\/\/fondationcarasso.org\/es\/noticias\/apoyamos-ipes-food-para-potenciar-la-transicion-alimentaria\/#breadcrumb","itemListElement":[{"@type":"ListItem","position":1,"name":"Portada","item":"https:\/\/fondationcarasso.org\/es\/"},{"@type":"ListItem","position":2,"name":"Apoyamos IPES-Food para potenciar la transici\u00f3n alimentaria"}]},{"@type":"WebSite","@id":"https:\/\/fondationcarasso.org\/es\/#website","url":"https:\/\/fondationcarasso.org\/es\/","name":"Fundaci\u00f3n Nina Carasso","description":"","publisher":{"@id":"https:\/\/fondationcarasso.org\/es\/#organization"},"potentialAction":[{"@type":"SearchAction","target":{"@type":"EntryPoint","urlTemplate":"https:\/\/fondationcarasso.org\/es\/?s={search_term_string}"},"query-input":{"@type":"PropertyValueSpecification","valueRequired":true,"valueName":"search_term_string"}}],"inLanguage":"es"},{"@type":"Organization","@id":"https:\/\/fondationcarasso.org\/es\/#organization","name":"Fundaci\u00f3n Nina Carasso","url":"https:\/\/fondationcarasso.org\/es\/","logo":{"@type":"ImageObject","inLanguage":"es","@id":"https:\/\/fondationcarasso.org\/es\/#\/schema\/logo\/image\/","url":"https:\/\/fondationcarasso.org\/es\/wp-content\/uploads\/2025\/10\/logo-carasso.svg","contentUrl":"https:\/\/fondationcarasso.org\/es\/wp-content\/uploads\/2025\/10\/logo-carasso.svg","width":185,"height":76,"caption":"Fundaci\u00f3n Nina Carasso"},"image":{"@id":"https:\/\/fondationcarasso.org\/es\/#\/schema\/logo\/image\/"},"sameAs":["https:\/\/x.com\/fdnc_es","https:\/\/bsky.app\/profile\/fundacioncarasso.bsky.social","https:\/\/www.youtube.com\/channel\/UC5siDGy3g1QZoxsuieyH6eg","https:\/\/www.instagram.com\/fundacion_carasso\/?hl=es","https:\/\/es.linkedin.com\/company\/fundacion-daniel-nina-carasso"]},{"@type":"Person","@id":"https:\/\/fondationcarasso.org\/es\/#\/schema\/person\/7d21ab9e583c0e5ffea7722e20831694","name":"admin_carasso"}]}},"_links":{"self":[{"href":"https:\/\/fondationcarasso.org\/es\/wp-json\/wp\/v2\/posts\/2247","targetHints":{"allow":["GET"]}}],"collection":[{"href":"https:\/\/fondationcarasso.org\/es\/wp-json\/wp\/v2\/posts"}],"about":[{"href":"https:\/\/fondationcarasso.org\/es\/wp-json\/wp\/v2\/types\/post"}],"author":[{"embeddable":true,"href":"https:\/\/fondationcarasso.org\/es\/wp-json\/wp\/v2\/users\/2"}],"replies":[{"embeddable":true,"href":"https:\/\/fondationcarasso.org\/es\/wp-json\/wp\/v2\/comments?post=2247"}],"version-history":[{"count":1,"href":"https:\/\/fondationcarasso.org\/es\/wp-json\/wp\/v2\/posts\/2247\/revisions"}],"predecessor-version":[{"id":20691,"href":"https:\/\/fondationcarasso.org\/es\/wp-json\/wp\/v2\/posts\/2247\/revisions\/20691"}],"wp:attachment":[{"href":"https:\/\/fondationcarasso.org\/es\/wp-json\/wp\/v2\/media?parent=2247"}],"wp:term":[{"taxonomy":"category","embeddable":true,"href":"https:\/\/fondationcarasso.org\/es\/wp-json\/wp\/v2\/categories?post=2247"},{"taxonomy":"post_tag","embeddable":true,"href":"https:\/\/fondationcarasso.org\/es\/wp-json\/wp\/v2\/tags?post=2247"}],"curies":[{"name":"wp","href":"https:\/\/api.w.org\/{rel}","templated":true}]}}