{"id":2286,"date":"2021-11-08T13:01:49","date_gmt":"2021-11-08T12:01:49","guid":{"rendered":"http:\/\/fondationcarasso.org\/es\/noticias\/encuentro-artista-comprometido\/"},"modified":"2026-02-26T11:13:20","modified_gmt":"2026-02-26T10:13:20","slug":"encuentro-artista-comprometido","status":"publish","type":"post","link":"https:\/\/fondationcarasso.org\/es\/noticias\/encuentro-artista-comprometido\/","title":{"rendered":"Cr\u00f3nica de dos d\u00edas de exploraci\u00f3n y complicidad con los galardonados del Premio Artista Comprometido"},"content":{"rendered":"","protected":false},"excerpt":{"rendered":"","protected":false},"author":2,"featured_media":0,"comment_status":"open","ping_status":"open","sticky":false,"template":"","format":"standard","meta":{"_acf_changed":false,"inline_featured_image":false,"footnotes":""},"categories":[19],"tags":[],"class_list":["post-2286","post","type-post","status-publish","format-standard","hentry","category-artistas-y-ciudadania","tipo_proyecto-arte-ciudadano"],"acf":[],"yoast_head":"<!-- This site is optimized with the Yoast SEO Premium plugin v27.1 (Yoast SEO v27.1.1) - https:\/\/yoast.com\/product\/yoast-seo-premium-wordpress\/ -->\n<title>Encuentro Artista Comprometido: Di\u00e1logos sobre Arte y Sociedad<\/title>\n<meta name=\"description\" content=\"Revive el encuentro Artista comprometido. Un espacio de di\u00e1logo sobre c\u00f3mo el arte puede transformar la sociedad y afrontar retos ciudadanos hoy.\" \/>\n<meta name=\"robots\" content=\"index, follow, max-snippet:-1, max-image-preview:large, max-video-preview:-1\" \/>\n<link rel=\"canonical\" href=\"https:\/\/fondationcarasso.org\/es\/noticias\/encuentro-artista-comprometido\/\" \/>\n<meta property=\"og:locale\" content=\"es_ES\" \/>\n<meta property=\"og:type\" content=\"article\" \/>\n<meta property=\"og:title\" content=\"Cr\u00f3nica de dos d\u00edas de exploraci\u00f3n y complicidad con los galardonados del Premio Artista Comprometido\" \/>\n<meta property=\"og:description\" content=\"Revive el encuentro Artista comprometido. Un espacio de di\u00e1logo sobre c\u00f3mo el arte puede transformar la sociedad y afrontar retos ciudadanos hoy.\" \/>\n<meta property=\"og:url\" content=\"https:\/\/fondationcarasso.org\/es\/noticias\/encuentro-artista-comprometido\/\" \/>\n<meta property=\"og:site_name\" content=\"Fundaci\u00f3n Nina Carasso\" \/>\n<meta property=\"article:published_time\" content=\"2021-11-08T12:01:49+00:00\" \/>\n<meta property=\"article:modified_time\" content=\"2026-02-26T10:13:20+00:00\" \/>\n<meta name=\"author\" content=\"admin_carasso\" \/>\n<meta name=\"twitter:card\" content=\"summary_large_image\" \/>\n<meta name=\"twitter:creator\" content=\"@fdnc_es\" \/>\n<meta name=\"twitter:site\" content=\"@fdnc_es\" \/>\n<meta name=\"twitter:label1\" content=\"Escrito por\" \/>\n\t<meta name=\"twitter:data1\" content=\"admin_carasso\" \/>\n\t<meta name=\"twitter:label2\" content=\"Tiempo de lectura\" \/>\n\t<meta name=\"twitter:data2\" content=\"8 minutos\" \/>\n<script type=\"application\/ld+json\" class=\"yoast-schema-graph\">{\"@context\":\"https:\/\/schema.org\",\"@graph\":[{\"@type\":\"Article\",\"@id\":\"https:\/\/fondationcarasso.org\/es\/noticias\/encuentro-artista-comprometido\/#article\",\"isPartOf\":{\"@id\":\"https:\/\/fondationcarasso.org\/es\/noticias\/encuentro-artista-comprometido\/\"},\"author\":{\"name\":\"admin_carasso\",\"@id\":\"https:\/\/fondationcarasso.org\/es\/#\/schema\/person\/7d21ab9e583c0e5ffea7722e20831694\"},\"headline\":\"Cr\u00f3nica de dos d\u00edas de exploraci\u00f3n y complicidad con los galardonados del Premio Artista Comprometido\",\"datePublished\":\"2021-11-08T12:01:49+00:00\",\"dateModified\":\"2026-02-26T10:13:20+00:00\",\"mainEntityOfPage\":{\"@id\":\"https:\/\/fondationcarasso.org\/es\/noticias\/encuentro-artista-comprometido\/\"},\"wordCount\":18,\"commentCount\":0,\"publisher\":{\"@id\":\"https:\/\/fondationcarasso.org\/es\/#organization\"},\"articleSection\":[\"Artista ciudadana\/o\"],\"inLanguage\":\"es\",\"potentialAction\":[{\"@type\":\"CommentAction\",\"name\":\"Comment\",\"target\":[\"https:\/\/fondationcarasso.org\/es\/noticias\/encuentro-artista-comprometido\/#respond\"]}]},{\"@type\":\"WebPage\",\"@id\":\"https:\/\/fondationcarasso.org\/es\/noticias\/encuentro-artista-comprometido\/\",\"url\":\"https:\/\/fondationcarasso.org\/es\/noticias\/encuentro-artista-comprometido\/\",\"name\":\"Encuentro Artista Comprometido: Di\u00e1logos sobre Arte y Sociedad\",\"isPartOf\":{\"@id\":\"https:\/\/fondationcarasso.org\/es\/#website\"},\"datePublished\":\"2021-11-08T12:01:49+00:00\",\"dateModified\":\"2026-02-26T10:13:20+00:00\",\"description\":\"Revive el encuentro Artista comprometido. Un espacio de di\u00e1logo sobre c\u00f3mo el arte puede transformar la sociedad y afrontar retos ciudadanos hoy.\",\"breadcrumb\":{\"@id\":\"https:\/\/fondationcarasso.org\/es\/noticias\/encuentro-artista-comprometido\/#breadcrumb\"},\"inLanguage\":\"es\",\"potentialAction\":[{\"@type\":\"ReadAction\",\"target\":[\"https:\/\/fondationcarasso.org\/es\/noticias\/encuentro-artista-comprometido\/\"]}]},{\"@type\":\"BreadcrumbList\",\"@id\":\"https:\/\/fondationcarasso.org\/es\/noticias\/encuentro-artista-comprometido\/#breadcrumb\",\"itemListElement\":[{\"@type\":\"ListItem\",\"position\":1,\"name\":\"Portada\",\"item\":\"https:\/\/fondationcarasso.org\/es\/\"},{\"@type\":\"ListItem\",\"position\":2,\"name\":\"Cr\u00f3nica de dos d\u00edas de exploraci\u00f3n y complicidad con los galardonados del Premio Artista Comprometido\"}]},{\"@type\":\"WebSite\",\"@id\":\"https:\/\/fondationcarasso.org\/es\/#website\",\"url\":\"https:\/\/fondationcarasso.org\/es\/\",\"name\":\"Fundaci\u00f3n Nina Carasso\",\"description\":\"\",\"publisher\":{\"@id\":\"https:\/\/fondationcarasso.org\/es\/#organization\"},\"potentialAction\":[{\"@type\":\"SearchAction\",\"target\":{\"@type\":\"EntryPoint\",\"urlTemplate\":\"https:\/\/fondationcarasso.org\/es\/?s={search_term_string}\"},\"query-input\":{\"@type\":\"PropertyValueSpecification\",\"valueRequired\":true,\"valueName\":\"search_term_string\"}}],\"inLanguage\":\"es\"},{\"@type\":\"Organization\",\"@id\":\"https:\/\/fondationcarasso.org\/es\/#organization\",\"name\":\"Fundaci\u00f3n Nina Carasso\",\"url\":\"https:\/\/fondationcarasso.org\/es\/\",\"logo\":{\"@type\":\"ImageObject\",\"inLanguage\":\"es\",\"@id\":\"https:\/\/fondationcarasso.org\/es\/#\/schema\/logo\/image\/\",\"url\":\"https:\/\/fondationcarasso.org\/es\/wp-content\/uploads\/2025\/10\/logo-carasso.svg\",\"contentUrl\":\"https:\/\/fondationcarasso.org\/es\/wp-content\/uploads\/2025\/10\/logo-carasso.svg\",\"width\":185,\"height\":76,\"caption\":\"Fundaci\u00f3n Nina Carasso\"},\"image\":{\"@id\":\"https:\/\/fondationcarasso.org\/es\/#\/schema\/logo\/image\/\"},\"sameAs\":[\"https:\/\/x.com\/fdnc_es\",\"https:\/\/bsky.app\/profile\/fundacioncarasso.bsky.social\",\"https:\/\/www.youtube.com\/channel\/UC5siDGy3g1QZoxsuieyH6eg\",\"https:\/\/www.instagram.com\/fundacion_carasso\/?hl=es\",\"https:\/\/es.linkedin.com\/company\/fundacion-daniel-nina-carasso\"]},{\"@type\":\"Person\",\"@id\":\"https:\/\/fondationcarasso.org\/es\/#\/schema\/person\/7d21ab9e583c0e5ffea7722e20831694\",\"name\":\"admin_carasso\"}]}<\/script>\n<!-- \/ Yoast SEO Premium plugin. -->","yoast_head_json":{"title":"Encuentro Artista Comprometido: Di\u00e1logos sobre Arte y Sociedad","description":"Revive el encuentro Artista comprometido. Un espacio de di\u00e1logo sobre c\u00f3mo el arte puede transformar la sociedad y afrontar retos ciudadanos hoy.","robots":{"index":"index","follow":"follow","max-snippet":"max-snippet:-1","max-image-preview":"max-image-preview:large","max-video-preview":"max-video-preview:-1"},"canonical":"https:\/\/fondationcarasso.org\/es\/noticias\/encuentro-artista-comprometido\/","og_locale":"es_ES","og_type":"article","og_title":"Cr\u00f3nica de dos d\u00edas de exploraci\u00f3n y complicidad con los galardonados del Premio Artista Comprometido","og_description":"Revive el encuentro Artista comprometido. Un espacio de di\u00e1logo sobre c\u00f3mo el arte puede transformar la sociedad y afrontar retos ciudadanos hoy.","og_url":"https:\/\/fondationcarasso.org\/es\/noticias\/encuentro-artista-comprometido\/","og_site_name":"Fundaci\u00f3n Nina Carasso","article_published_time":"2021-11-08T12:01:49+00:00","article_modified_time":"2026-02-26T10:13:20+00:00","author":"admin_carasso","twitter_card":"summary_large_image","twitter_creator":"@fdnc_es","twitter_site":"@fdnc_es","twitter_misc":{"Escrito por":"admin_carasso","Tiempo de lectura":"8 minutos"},"schema":{"@context":"https:\/\/schema.org","@graph":[{"@type":"Article","@id":"https:\/\/fondationcarasso.org\/es\/noticias\/encuentro-artista-comprometido\/#article","isPartOf":{"@id":"https:\/\/fondationcarasso.org\/es\/noticias\/encuentro-artista-comprometido\/"},"author":{"name":"admin_carasso","@id":"https:\/\/fondationcarasso.org\/es\/#\/schema\/person\/7d21ab9e583c0e5ffea7722e20831694"},"headline":"Cr\u00f3nica de dos d\u00edas de exploraci\u00f3n y complicidad con los galardonados del Premio Artista Comprometido","datePublished":"2021-11-08T12:01:49+00:00","dateModified":"2026-02-26T10:13:20+00:00","mainEntityOfPage":{"@id":"https:\/\/fondationcarasso.org\/es\/noticias\/encuentro-artista-comprometido\/"},"wordCount":18,"commentCount":0,"publisher":{"@id":"https:\/\/fondationcarasso.org\/es\/#organization"},"articleSection":["Artista ciudadana\/o"],"inLanguage":"es","potentialAction":[{"@type":"CommentAction","name":"Comment","target":["https:\/\/fondationcarasso.org\/es\/noticias\/encuentro-artista-comprometido\/#respond"]}]},{"@type":"WebPage","@id":"https:\/\/fondationcarasso.org\/es\/noticias\/encuentro-artista-comprometido\/","url":"https:\/\/fondationcarasso.org\/es\/noticias\/encuentro-artista-comprometido\/","name":"Encuentro Artista Comprometido: Di\u00e1logos sobre Arte y Sociedad","isPartOf":{"@id":"https:\/\/fondationcarasso.org\/es\/#website"},"datePublished":"2021-11-08T12:01:49+00:00","dateModified":"2026-02-26T10:13:20+00:00","description":"Revive el encuentro Artista comprometido. Un espacio de di\u00e1logo sobre c\u00f3mo el arte puede transformar la sociedad y afrontar retos ciudadanos hoy.","breadcrumb":{"@id":"https:\/\/fondationcarasso.org\/es\/noticias\/encuentro-artista-comprometido\/#breadcrumb"},"inLanguage":"es","potentialAction":[{"@type":"ReadAction","target":["https:\/\/fondationcarasso.org\/es\/noticias\/encuentro-artista-comprometido\/"]}]},{"@type":"BreadcrumbList","@id":"https:\/\/fondationcarasso.org\/es\/noticias\/encuentro-artista-comprometido\/#breadcrumb","itemListElement":[{"@type":"ListItem","position":1,"name":"Portada","item":"https:\/\/fondationcarasso.org\/es\/"},{"@type":"ListItem","position":2,"name":"Cr\u00f3nica de dos d\u00edas de exploraci\u00f3n y complicidad con los galardonados del Premio Artista Comprometido"}]},{"@type":"WebSite","@id":"https:\/\/fondationcarasso.org\/es\/#website","url":"https:\/\/fondationcarasso.org\/es\/","name":"Fundaci\u00f3n Nina Carasso","description":"","publisher":{"@id":"https:\/\/fondationcarasso.org\/es\/#organization"},"potentialAction":[{"@type":"SearchAction","target":{"@type":"EntryPoint","urlTemplate":"https:\/\/fondationcarasso.org\/es\/?s={search_term_string}"},"query-input":{"@type":"PropertyValueSpecification","valueRequired":true,"valueName":"search_term_string"}}],"inLanguage":"es"},{"@type":"Organization","@id":"https:\/\/fondationcarasso.org\/es\/#organization","name":"Fundaci\u00f3n Nina Carasso","url":"https:\/\/fondationcarasso.org\/es\/","logo":{"@type":"ImageObject","inLanguage":"es","@id":"https:\/\/fondationcarasso.org\/es\/#\/schema\/logo\/image\/","url":"https:\/\/fondationcarasso.org\/es\/wp-content\/uploads\/2025\/10\/logo-carasso.svg","contentUrl":"https:\/\/fondationcarasso.org\/es\/wp-content\/uploads\/2025\/10\/logo-carasso.svg","width":185,"height":76,"caption":"Fundaci\u00f3n Nina Carasso"},"image":{"@id":"https:\/\/fondationcarasso.org\/es\/#\/schema\/logo\/image\/"},"sameAs":["https:\/\/x.com\/fdnc_es","https:\/\/bsky.app\/profile\/fundacioncarasso.bsky.social","https:\/\/www.youtube.com\/channel\/UC5siDGy3g1QZoxsuieyH6eg","https:\/\/www.instagram.com\/fundacion_carasso\/?hl=es","https:\/\/es.linkedin.com\/company\/fundacion-daniel-nina-carasso"]},{"@type":"Person","@id":"https:\/\/fondationcarasso.org\/es\/#\/schema\/person\/7d21ab9e583c0e5ffea7722e20831694","name":"admin_carasso"}]}},"_links":{"self":[{"href":"https:\/\/fondationcarasso.org\/es\/wp-json\/wp\/v2\/posts\/2286","targetHints":{"allow":["GET"]}}],"collection":[{"href":"https:\/\/fondationcarasso.org\/es\/wp-json\/wp\/v2\/posts"}],"about":[{"href":"https:\/\/fondationcarasso.org\/es\/wp-json\/wp\/v2\/types\/post"}],"author":[{"embeddable":true,"href":"https:\/\/fondationcarasso.org\/es\/wp-json\/wp\/v2\/users\/2"}],"replies":[{"embeddable":true,"href":"https:\/\/fondationcarasso.org\/es\/wp-json\/wp\/v2\/comments?post=2286"}],"version-history":[{"count":1,"href":"https:\/\/fondationcarasso.org\/es\/wp-json\/wp\/v2\/posts\/2286\/revisions"}],"predecessor-version":[{"id":20628,"href":"https:\/\/fondationcarasso.org\/es\/wp-json\/wp\/v2\/posts\/2286\/revisions\/20628"}],"wp:attachment":[{"href":"https:\/\/fondationcarasso.org\/es\/wp-json\/wp\/v2\/media?parent=2286"}],"wp:term":[{"taxonomy":"category","embeddable":true,"href":"https:\/\/fondationcarasso.org\/es\/wp-json\/wp\/v2\/categories?post=2286"},{"taxonomy":"post_tag","embeddable":true,"href":"https:\/\/fondationcarasso.org\/es\/wp-json\/wp\/v2\/tags?post=2286"}],"curies":[{"name":"wp","href":"https:\/\/api.w.org\/{rel}","templated":true}]}}