{"id":2349,"date":"2023-11-21T10:50:30","date_gmt":"2023-11-21T09:50:30","guid":{"rendered":"http:\/\/fondationcarasso.org\/es\/noticias\/remediar-ii\/"},"modified":"2026-02-23T16:12:54","modified_gmt":"2026-02-23T15:12:54","slug":"remediar-ii","status":"publish","type":"post","link":"https:\/\/fondationcarasso.org\/es\/noticias\/remediar-ii\/","title":{"rendered":"Remediar II: una puesta en com\u00fan y nuevos horizontes para la plataforma MAR"},"content":{"rendered":"","protected":false},"excerpt":{"rendered":"","protected":false},"author":2,"featured_media":2449,"comment_status":"open","ping_status":"open","sticky":false,"template":"","format":"standard","meta":{"_acf_changed":false,"inline_featured_image":false,"footnotes":""},"categories":[19],"tags":[],"class_list":["post-2349","post","type-post","status-publish","format-standard","hentry","category-artistas-y-ciudadania","tipo_proyecto-arte-ciudadano"],"acf":[],"yoast_head":"<!-- This site is optimized with the Yoast SEO Premium plugin v27.1 (Yoast SEO v27.1.1) - https:\/\/yoast.com\/product\/yoast-seo-premium-wordpress\/ -->\n<title>Remediar II | Proyecto de la Fundaci\u00f3n Daniel y Nina Carasso<\/title>\n<meta name=\"description\" content=\"Descubre Remediar II, una iniciativa de la Fundaci\u00f3n Daniel y Nina Carasso que explora pr\u00e1cticas de remediaci\u00f3n ambiental, comunitaria y creativa con impacto social.\" \/>\n<meta name=\"robots\" content=\"index, follow, max-snippet:-1, max-image-preview:large, max-video-preview:-1\" \/>\n<link rel=\"canonical\" href=\"https:\/\/fondationcarasso.org\/es\/noticias\/remediar-ii\/\" \/>\n<meta property=\"og:locale\" content=\"es_ES\" \/>\n<meta property=\"og:type\" content=\"article\" \/>\n<meta property=\"og:title\" content=\"Remediar II: una puesta en com\u00fan y nuevos horizontes para la plataforma MAR\" \/>\n<meta property=\"og:description\" content=\"Descubre Remediar II, una iniciativa de la Fundaci\u00f3n Daniel y Nina Carasso que explora pr\u00e1cticas de remediaci\u00f3n ambiental, comunitaria y creativa con impacto social.\" \/>\n<meta property=\"og:url\" content=\"https:\/\/fondationcarasso.org\/es\/noticias\/remediar-ii\/\" \/>\n<meta property=\"og:site_name\" content=\"Fundaci\u00f3n Nina Carasso\" \/>\n<meta property=\"article:published_time\" content=\"2023-11-21T09:50:30+00:00\" \/>\n<meta property=\"article:modified_time\" content=\"2026-02-23T15:12:54+00:00\" \/>\n<meta property=\"og:image\" content=\"http:\/\/fondationcarasso.org\/es\/wp-content\/uploads\/2023\/11\/post-ig-scaled.png\" \/>\n\t<meta property=\"og:image:width\" content=\"2560\" \/>\n\t<meta property=\"og:image:height\" content=\"2560\" \/>\n\t<meta property=\"og:image:type\" content=\"image\/png\" \/>\n<meta name=\"author\" content=\"admin_carasso\" \/>\n<meta name=\"twitter:card\" content=\"summary_large_image\" \/>\n<meta name=\"twitter:creator\" content=\"@fdnc_es\" \/>\n<meta name=\"twitter:site\" content=\"@fdnc_es\" \/>\n<meta name=\"twitter:label1\" content=\"Escrito por\" \/>\n\t<meta name=\"twitter:data1\" content=\"admin_carasso\" \/>\n\t<meta name=\"twitter:label2\" content=\"Tiempo de lectura\" \/>\n\t<meta name=\"twitter:data2\" content=\"7 minutos\" \/>\n<script type=\"application\/ld+json\" class=\"yoast-schema-graph\">{\"@context\":\"https:\/\/schema.org\",\"@graph\":[{\"@type\":\"Article\",\"@id\":\"https:\/\/fondationcarasso.org\/es\/noticias\/remediar-ii\/#article\",\"isPartOf\":{\"@id\":\"https:\/\/fondationcarasso.org\/es\/noticias\/remediar-ii\/\"},\"author\":{\"name\":\"admin_carasso\",\"@id\":\"https:\/\/fondationcarasso.org\/es\/#\/schema\/person\/7d21ab9e583c0e5ffea7722e20831694\"},\"headline\":\"Remediar II: una puesta en com\u00fan y nuevos horizontes para la plataforma MAR\",\"datePublished\":\"2023-11-21T09:50:30+00:00\",\"dateModified\":\"2026-02-23T15:12:54+00:00\",\"mainEntityOfPage\":{\"@id\":\"https:\/\/fondationcarasso.org\/es\/noticias\/remediar-ii\/\"},\"wordCount\":14,\"commentCount\":0,\"publisher\":{\"@id\":\"https:\/\/fondationcarasso.org\/es\/#organization\"},\"image\":{\"@id\":\"https:\/\/fondationcarasso.org\/es\/noticias\/remediar-ii\/#primaryimage\"},\"thumbnailUrl\":\"https:\/\/fondationcarasso.org\/es\/wp-content\/uploads\/2023\/11\/post-ig-scaled.png\",\"articleSection\":[\"Artista ciudadana\/o\"],\"inLanguage\":\"es\",\"potentialAction\":[{\"@type\":\"CommentAction\",\"name\":\"Comment\",\"target\":[\"https:\/\/fondationcarasso.org\/es\/noticias\/remediar-ii\/#respond\"]}]},{\"@type\":\"WebPage\",\"@id\":\"https:\/\/fondationcarasso.org\/es\/noticias\/remediar-ii\/\",\"url\":\"https:\/\/fondationcarasso.org\/es\/noticias\/remediar-ii\/\",\"name\":\"Remediar II | Proyecto de la Fundaci\u00f3n Daniel y Nina Carasso\",\"isPartOf\":{\"@id\":\"https:\/\/fondationcarasso.org\/es\/#website\"},\"primaryImageOfPage\":{\"@id\":\"https:\/\/fondationcarasso.org\/es\/noticias\/remediar-ii\/#primaryimage\"},\"image\":{\"@id\":\"https:\/\/fondationcarasso.org\/es\/noticias\/remediar-ii\/#primaryimage\"},\"thumbnailUrl\":\"https:\/\/fondationcarasso.org\/es\/wp-content\/uploads\/2023\/11\/post-ig-scaled.png\",\"datePublished\":\"2023-11-21T09:50:30+00:00\",\"dateModified\":\"2026-02-23T15:12:54+00:00\",\"description\":\"Descubre Remediar II, una iniciativa de la Fundaci\u00f3n Daniel y Nina Carasso que explora pr\u00e1cticas de remediaci\u00f3n ambiental, comunitaria y creativa con impacto social.\",\"breadcrumb\":{\"@id\":\"https:\/\/fondationcarasso.org\/es\/noticias\/remediar-ii\/#breadcrumb\"},\"inLanguage\":\"es\",\"potentialAction\":[{\"@type\":\"ReadAction\",\"target\":[\"https:\/\/fondationcarasso.org\/es\/noticias\/remediar-ii\/\"]}]},{\"@type\":\"ImageObject\",\"inLanguage\":\"es\",\"@id\":\"https:\/\/fondationcarasso.org\/es\/noticias\/remediar-ii\/#primaryimage\",\"url\":\"https:\/\/fondationcarasso.org\/es\/wp-content\/uploads\/2023\/11\/post-ig-scaled.png\",\"contentUrl\":\"https:\/\/fondationcarasso.org\/es\/wp-content\/uploads\/2023\/11\/post-ig-scaled.png\",\"width\":2560,\"height\":2560},{\"@type\":\"BreadcrumbList\",\"@id\":\"https:\/\/fondationcarasso.org\/es\/noticias\/remediar-ii\/#breadcrumb\",\"itemListElement\":[{\"@type\":\"ListItem\",\"position\":1,\"name\":\"Portada\",\"item\":\"https:\/\/fondationcarasso.org\/es\/\"},{\"@type\":\"ListItem\",\"position\":2,\"name\":\"Remediar II: una puesta en com\u00fan y nuevos horizontes para la plataforma MAR\"}]},{\"@type\":\"WebSite\",\"@id\":\"https:\/\/fondationcarasso.org\/es\/#website\",\"url\":\"https:\/\/fondationcarasso.org\/es\/\",\"name\":\"Fundaci\u00f3n Nina Carasso\",\"description\":\"\",\"publisher\":{\"@id\":\"https:\/\/fondationcarasso.org\/es\/#organization\"},\"potentialAction\":[{\"@type\":\"SearchAction\",\"target\":{\"@type\":\"EntryPoint\",\"urlTemplate\":\"https:\/\/fondationcarasso.org\/es\/?s={search_term_string}\"},\"query-input\":{\"@type\":\"PropertyValueSpecification\",\"valueRequired\":true,\"valueName\":\"search_term_string\"}}],\"inLanguage\":\"es\"},{\"@type\":\"Organization\",\"@id\":\"https:\/\/fondationcarasso.org\/es\/#organization\",\"name\":\"Fundaci\u00f3n Nina Carasso\",\"url\":\"https:\/\/fondationcarasso.org\/es\/\",\"logo\":{\"@type\":\"ImageObject\",\"inLanguage\":\"es\",\"@id\":\"https:\/\/fondationcarasso.org\/es\/#\/schema\/logo\/image\/\",\"url\":\"https:\/\/fondationcarasso.org\/es\/wp-content\/uploads\/2025\/10\/logo-carasso.svg\",\"contentUrl\":\"https:\/\/fondationcarasso.org\/es\/wp-content\/uploads\/2025\/10\/logo-carasso.svg\",\"width\":185,\"height\":76,\"caption\":\"Fundaci\u00f3n Nina Carasso\"},\"image\":{\"@id\":\"https:\/\/fondationcarasso.org\/es\/#\/schema\/logo\/image\/\"},\"sameAs\":[\"https:\/\/x.com\/fdnc_es\",\"https:\/\/bsky.app\/profile\/fundacioncarasso.bsky.social\",\"https:\/\/www.youtube.com\/channel\/UC5siDGy3g1QZoxsuieyH6eg\",\"https:\/\/www.instagram.com\/fundacion_carasso\/?hl=es\",\"https:\/\/es.linkedin.com\/company\/fundacion-daniel-nina-carasso\"]},{\"@type\":\"Person\",\"@id\":\"https:\/\/fondationcarasso.org\/es\/#\/schema\/person\/7d21ab9e583c0e5ffea7722e20831694\",\"name\":\"admin_carasso\"}]}<\/script>\n<!-- \/ Yoast SEO Premium plugin. -->","yoast_head_json":{"title":"Remediar II | Proyecto de la Fundaci\u00f3n Daniel y Nina Carasso","description":"Descubre Remediar II, una iniciativa de la Fundaci\u00f3n Daniel y Nina Carasso que explora pr\u00e1cticas de remediaci\u00f3n ambiental, comunitaria y creativa con impacto social.","robots":{"index":"index","follow":"follow","max-snippet":"max-snippet:-1","max-image-preview":"max-image-preview:large","max-video-preview":"max-video-preview:-1"},"canonical":"https:\/\/fondationcarasso.org\/es\/noticias\/remediar-ii\/","og_locale":"es_ES","og_type":"article","og_title":"Remediar II: una puesta en com\u00fan y nuevos horizontes para la plataforma MAR","og_description":"Descubre Remediar II, una iniciativa de la Fundaci\u00f3n Daniel y Nina Carasso que explora pr\u00e1cticas de remediaci\u00f3n ambiental, comunitaria y creativa con impacto social.","og_url":"https:\/\/fondationcarasso.org\/es\/noticias\/remediar-ii\/","og_site_name":"Fundaci\u00f3n Nina Carasso","article_published_time":"2023-11-21T09:50:30+00:00","article_modified_time":"2026-02-23T15:12:54+00:00","og_image":[{"width":2560,"height":2560,"url":"http:\/\/fondationcarasso.org\/es\/wp-content\/uploads\/2023\/11\/post-ig-scaled.png","type":"image\/png"}],"author":"admin_carasso","twitter_card":"summary_large_image","twitter_creator":"@fdnc_es","twitter_site":"@fdnc_es","twitter_misc":{"Escrito por":"admin_carasso","Tiempo de lectura":"7 minutos"},"schema":{"@context":"https:\/\/schema.org","@graph":[{"@type":"Article","@id":"https:\/\/fondationcarasso.org\/es\/noticias\/remediar-ii\/#article","isPartOf":{"@id":"https:\/\/fondationcarasso.org\/es\/noticias\/remediar-ii\/"},"author":{"name":"admin_carasso","@id":"https:\/\/fondationcarasso.org\/es\/#\/schema\/person\/7d21ab9e583c0e5ffea7722e20831694"},"headline":"Remediar II: una puesta en com\u00fan y nuevos horizontes para la plataforma MAR","datePublished":"2023-11-21T09:50:30+00:00","dateModified":"2026-02-23T15:12:54+00:00","mainEntityOfPage":{"@id":"https:\/\/fondationcarasso.org\/es\/noticias\/remediar-ii\/"},"wordCount":14,"commentCount":0,"publisher":{"@id":"https:\/\/fondationcarasso.org\/es\/#organization"},"image":{"@id":"https:\/\/fondationcarasso.org\/es\/noticias\/remediar-ii\/#primaryimage"},"thumbnailUrl":"https:\/\/fondationcarasso.org\/es\/wp-content\/uploads\/2023\/11\/post-ig-scaled.png","articleSection":["Artista ciudadana\/o"],"inLanguage":"es","potentialAction":[{"@type":"CommentAction","name":"Comment","target":["https:\/\/fondationcarasso.org\/es\/noticias\/remediar-ii\/#respond"]}]},{"@type":"WebPage","@id":"https:\/\/fondationcarasso.org\/es\/noticias\/remediar-ii\/","url":"https:\/\/fondationcarasso.org\/es\/noticias\/remediar-ii\/","name":"Remediar II | Proyecto de la Fundaci\u00f3n Daniel y Nina Carasso","isPartOf":{"@id":"https:\/\/fondationcarasso.org\/es\/#website"},"primaryImageOfPage":{"@id":"https:\/\/fondationcarasso.org\/es\/noticias\/remediar-ii\/#primaryimage"},"image":{"@id":"https:\/\/fondationcarasso.org\/es\/noticias\/remediar-ii\/#primaryimage"},"thumbnailUrl":"https:\/\/fondationcarasso.org\/es\/wp-content\/uploads\/2023\/11\/post-ig-scaled.png","datePublished":"2023-11-21T09:50:30+00:00","dateModified":"2026-02-23T15:12:54+00:00","description":"Descubre Remediar II, una iniciativa de la Fundaci\u00f3n Daniel y Nina Carasso que explora pr\u00e1cticas de remediaci\u00f3n ambiental, comunitaria y creativa con impacto social.","breadcrumb":{"@id":"https:\/\/fondationcarasso.org\/es\/noticias\/remediar-ii\/#breadcrumb"},"inLanguage":"es","potentialAction":[{"@type":"ReadAction","target":["https:\/\/fondationcarasso.org\/es\/noticias\/remediar-ii\/"]}]},{"@type":"ImageObject","inLanguage":"es","@id":"https:\/\/fondationcarasso.org\/es\/noticias\/remediar-ii\/#primaryimage","url":"https:\/\/fondationcarasso.org\/es\/wp-content\/uploads\/2023\/11\/post-ig-scaled.png","contentUrl":"https:\/\/fondationcarasso.org\/es\/wp-content\/uploads\/2023\/11\/post-ig-scaled.png","width":2560,"height":2560},{"@type":"BreadcrumbList","@id":"https:\/\/fondationcarasso.org\/es\/noticias\/remediar-ii\/#breadcrumb","itemListElement":[{"@type":"ListItem","position":1,"name":"Portada","item":"https:\/\/fondationcarasso.org\/es\/"},{"@type":"ListItem","position":2,"name":"Remediar II: una puesta en com\u00fan y nuevos horizontes para la plataforma MAR"}]},{"@type":"WebSite","@id":"https:\/\/fondationcarasso.org\/es\/#website","url":"https:\/\/fondationcarasso.org\/es\/","name":"Fundaci\u00f3n Nina Carasso","description":"","publisher":{"@id":"https:\/\/fondationcarasso.org\/es\/#organization"},"potentialAction":[{"@type":"SearchAction","target":{"@type":"EntryPoint","urlTemplate":"https:\/\/fondationcarasso.org\/es\/?s={search_term_string}"},"query-input":{"@type":"PropertyValueSpecification","valueRequired":true,"valueName":"search_term_string"}}],"inLanguage":"es"},{"@type":"Organization","@id":"https:\/\/fondationcarasso.org\/es\/#organization","name":"Fundaci\u00f3n Nina Carasso","url":"https:\/\/fondationcarasso.org\/es\/","logo":{"@type":"ImageObject","inLanguage":"es","@id":"https:\/\/fondationcarasso.org\/es\/#\/schema\/logo\/image\/","url":"https:\/\/fondationcarasso.org\/es\/wp-content\/uploads\/2025\/10\/logo-carasso.svg","contentUrl":"https:\/\/fondationcarasso.org\/es\/wp-content\/uploads\/2025\/10\/logo-carasso.svg","width":185,"height":76,"caption":"Fundaci\u00f3n Nina Carasso"},"image":{"@id":"https:\/\/fondationcarasso.org\/es\/#\/schema\/logo\/image\/"},"sameAs":["https:\/\/x.com\/fdnc_es","https:\/\/bsky.app\/profile\/fundacioncarasso.bsky.social","https:\/\/www.youtube.com\/channel\/UC5siDGy3g1QZoxsuieyH6eg","https:\/\/www.instagram.com\/fundacion_carasso\/?hl=es","https:\/\/es.linkedin.com\/company\/fundacion-daniel-nina-carasso"]},{"@type":"Person","@id":"https:\/\/fondationcarasso.org\/es\/#\/schema\/person\/7d21ab9e583c0e5ffea7722e20831694","name":"admin_carasso"}]}},"_links":{"self":[{"href":"https:\/\/fondationcarasso.org\/es\/wp-json\/wp\/v2\/posts\/2349","targetHints":{"allow":["GET"]}}],"collection":[{"href":"https:\/\/fondationcarasso.org\/es\/wp-json\/wp\/v2\/posts"}],"about":[{"href":"https:\/\/fondationcarasso.org\/es\/wp-json\/wp\/v2\/types\/post"}],"author":[{"embeddable":true,"href":"https:\/\/fondationcarasso.org\/es\/wp-json\/wp\/v2\/users\/2"}],"replies":[{"embeddable":true,"href":"https:\/\/fondationcarasso.org\/es\/wp-json\/wp\/v2\/comments?post=2349"}],"version-history":[{"count":1,"href":"https:\/\/fondationcarasso.org\/es\/wp-json\/wp\/v2\/posts\/2349\/revisions"}],"predecessor-version":[{"id":13842,"href":"https:\/\/fondationcarasso.org\/es\/wp-json\/wp\/v2\/posts\/2349\/revisions\/13842"}],"wp:featuredmedia":[{"embeddable":true,"href":"https:\/\/fondationcarasso.org\/es\/wp-json\/wp\/v2\/media\/2449"}],"wp:attachment":[{"href":"https:\/\/fondationcarasso.org\/es\/wp-json\/wp\/v2\/media?parent=2349"}],"wp:term":[{"taxonomy":"category","embeddable":true,"href":"https:\/\/fondationcarasso.org\/es\/wp-json\/wp\/v2\/categories?post=2349"},{"taxonomy":"post_tag","embeddable":true,"href":"https:\/\/fondationcarasso.org\/es\/wp-json\/wp\/v2\/tags?post=2349"}],"curies":[{"name":"wp","href":"https:\/\/api.w.org\/{rel}","templated":true}]}}