{"id":2358,"date":"2024-04-11T08:20:25","date_gmt":"2024-04-11T06:20:25","guid":{"rendered":"http:\/\/fondationcarasso.org\/es\/noticias\/concentrico_10\/"},"modified":"2026-02-23T16:07:03","modified_gmt":"2026-02-23T15:07:03","slug":"concentrico_10","status":"publish","type":"post","link":"https:\/\/fondationcarasso.org\/es\/noticias\/concentrico_10\/","title":{"rendered":"Encuentros entre arte y escuela desde una mirada arquitect\u00f3nica: PLANEA y Festival Conc\u00e9ntrico"},"content":{"rendered":"","protected":false},"excerpt":{"rendered":"","protected":false},"author":2,"featured_media":2441,"comment_status":"open","ping_status":"open","sticky":false,"template":"","format":"standard","meta":{"_acf_changed":false,"inline_featured_image":false,"footnotes":""},"categories":[19],"tags":[],"class_list":["post-2358","post","type-post","status-publish","format-standard","hentry","category-artistas-y-ciudadania","tipo_proyecto-arte-ciudadano"],"acf":[],"yoast_head":"<!-- This site is optimized with the Yoast SEO Premium plugin v27.1 (Yoast SEO v27.1.1) - https:\/\/yoast.com\/product\/yoast-seo-premium-wordpress\/ -->\n<title>Conc\u00e9ntrico 10 | Festival Internacional de Arquitectura y Dise\u00f1o<\/title>\n<meta name=\"description\" content=\"Descubre la participaci\u00f3n de la Fundaci\u00f3n Daniel y Nina Carasso en Conc\u00e9ntrico 10, el Festival Internacional de Arquitectura y Dise\u00f1o, promoviendo arte, educaci\u00f3n y comunidad en espacios p\u00fablicos\" \/>\n<meta name=\"robots\" content=\"index, follow, max-snippet:-1, max-image-preview:large, max-video-preview:-1\" \/>\n<link rel=\"canonical\" href=\"https:\/\/fondationcarasso.org\/es\/noticias\/concentrico_10\/\" \/>\n<meta property=\"og:locale\" content=\"es_ES\" \/>\n<meta property=\"og:type\" content=\"article\" \/>\n<meta property=\"og:title\" content=\"Encuentros entre arte y escuela desde una mirada arquitect\u00f3nica: PLANEA y Festival Conc\u00e9ntrico\" \/>\n<meta property=\"og:description\" content=\"Descubre la participaci\u00f3n de la Fundaci\u00f3n Daniel y Nina Carasso en Conc\u00e9ntrico 10, el Festival Internacional de Arquitectura y Dise\u00f1o, promoviendo arte, educaci\u00f3n y comunidad en espacios p\u00fablicos\" \/>\n<meta property=\"og:url\" content=\"https:\/\/fondationcarasso.org\/es\/noticias\/concentrico_10\/\" \/>\n<meta property=\"og:site_name\" content=\"Fundaci\u00f3n Nina Carasso\" \/>\n<meta property=\"article:published_time\" content=\"2024-04-11T06:20:25+00:00\" \/>\n<meta property=\"article:modified_time\" content=\"2026-02-23T15:07:03+00:00\" \/>\n<meta property=\"og:image\" content=\"http:\/\/fondationcarasso.org\/es\/wp-content\/uploads\/2024\/04\/pedro-jimenez.jpg\" \/>\n\t<meta property=\"og:image:width\" content=\"342\" \/>\n\t<meta property=\"og:image:height\" content=\"486\" \/>\n\t<meta property=\"og:image:type\" content=\"image\/jpeg\" \/>\n<meta name=\"author\" content=\"admin_carasso\" \/>\n<meta name=\"twitter:card\" content=\"summary_large_image\" \/>\n<meta name=\"twitter:creator\" content=\"@fdnc_es\" \/>\n<meta name=\"twitter:site\" content=\"@fdnc_es\" \/>\n<meta name=\"twitter:label1\" content=\"Escrito por\" \/>\n\t<meta name=\"twitter:data1\" content=\"admin_carasso\" \/>\n\t<meta name=\"twitter:label2\" content=\"Tiempo de lectura\" \/>\n\t<meta name=\"twitter:data2\" content=\"7 minutos\" \/>\n<script type=\"application\/ld+json\" class=\"yoast-schema-graph\">{\"@context\":\"https:\/\/schema.org\",\"@graph\":[{\"@type\":\"Article\",\"@id\":\"https:\/\/fondationcarasso.org\/es\/noticias\/concentrico_10\/#article\",\"isPartOf\":{\"@id\":\"https:\/\/fondationcarasso.org\/es\/noticias\/concentrico_10\/\"},\"author\":{\"name\":\"admin_carasso\",\"@id\":\"https:\/\/fondationcarasso.org\/es\/#\/schema\/person\/7d21ab9e583c0e5ffea7722e20831694\"},\"headline\":\"Encuentros entre arte y escuela desde una mirada arquitect\u00f3nica: PLANEA y Festival Conc\u00e9ntrico\",\"datePublished\":\"2024-04-11T06:20:25+00:00\",\"dateModified\":\"2026-02-23T15:07:03+00:00\",\"mainEntityOfPage\":{\"@id\":\"https:\/\/fondationcarasso.org\/es\/noticias\/concentrico_10\/\"},\"wordCount\":15,\"commentCount\":0,\"publisher\":{\"@id\":\"https:\/\/fondationcarasso.org\/es\/#organization\"},\"image\":{\"@id\":\"https:\/\/fondationcarasso.org\/es\/noticias\/concentrico_10\/#primaryimage\"},\"thumbnailUrl\":\"https:\/\/fondationcarasso.org\/es\/wp-content\/uploads\/2024\/04\/pedro-jimenez.jpg\",\"articleSection\":[\"Artista ciudadana\/o\"],\"inLanguage\":\"es\",\"potentialAction\":[{\"@type\":\"CommentAction\",\"name\":\"Comment\",\"target\":[\"https:\/\/fondationcarasso.org\/es\/noticias\/concentrico_10\/#respond\"]}]},{\"@type\":\"WebPage\",\"@id\":\"https:\/\/fondationcarasso.org\/es\/noticias\/concentrico_10\/\",\"url\":\"https:\/\/fondationcarasso.org\/es\/noticias\/concentrico_10\/\",\"name\":\"Conc\u00e9ntrico 10 | Festival Internacional de Arquitectura y Dise\u00f1o\",\"isPartOf\":{\"@id\":\"https:\/\/fondationcarasso.org\/es\/#website\"},\"primaryImageOfPage\":{\"@id\":\"https:\/\/fondationcarasso.org\/es\/noticias\/concentrico_10\/#primaryimage\"},\"image\":{\"@id\":\"https:\/\/fondationcarasso.org\/es\/noticias\/concentrico_10\/#primaryimage\"},\"thumbnailUrl\":\"https:\/\/fondationcarasso.org\/es\/wp-content\/uploads\/2024\/04\/pedro-jimenez.jpg\",\"datePublished\":\"2024-04-11T06:20:25+00:00\",\"dateModified\":\"2026-02-23T15:07:03+00:00\",\"description\":\"Descubre la participaci\u00f3n de la Fundaci\u00f3n Daniel y Nina Carasso en Conc\u00e9ntrico 10, el Festival Internacional de Arquitectura y Dise\u00f1o, promoviendo arte, educaci\u00f3n y comunidad en espacios p\u00fablicos\",\"breadcrumb\":{\"@id\":\"https:\/\/fondationcarasso.org\/es\/noticias\/concentrico_10\/#breadcrumb\"},\"inLanguage\":\"es\",\"potentialAction\":[{\"@type\":\"ReadAction\",\"target\":[\"https:\/\/fondationcarasso.org\/es\/noticias\/concentrico_10\/\"]}]},{\"@type\":\"ImageObject\",\"inLanguage\":\"es\",\"@id\":\"https:\/\/fondationcarasso.org\/es\/noticias\/concentrico_10\/#primaryimage\",\"url\":\"https:\/\/fondationcarasso.org\/es\/wp-content\/uploads\/2024\/04\/pedro-jimenez.jpg\",\"contentUrl\":\"https:\/\/fondationcarasso.org\/es\/wp-content\/uploads\/2024\/04\/pedro-jimenez.jpg\",\"width\":342,\"height\":486},{\"@type\":\"BreadcrumbList\",\"@id\":\"https:\/\/fondationcarasso.org\/es\/noticias\/concentrico_10\/#breadcrumb\",\"itemListElement\":[{\"@type\":\"ListItem\",\"position\":1,\"name\":\"Portada\",\"item\":\"https:\/\/fondationcarasso.org\/es\/\"},{\"@type\":\"ListItem\",\"position\":2,\"name\":\"Encuentros entre arte y escuela desde una mirada arquitect\u00f3nica: PLANEA y Festival Conc\u00e9ntrico\"}]},{\"@type\":\"WebSite\",\"@id\":\"https:\/\/fondationcarasso.org\/es\/#website\",\"url\":\"https:\/\/fondationcarasso.org\/es\/\",\"name\":\"Fundaci\u00f3n Nina Carasso\",\"description\":\"\",\"publisher\":{\"@id\":\"https:\/\/fondationcarasso.org\/es\/#organization\"},\"potentialAction\":[{\"@type\":\"SearchAction\",\"target\":{\"@type\":\"EntryPoint\",\"urlTemplate\":\"https:\/\/fondationcarasso.org\/es\/?s={search_term_string}\"},\"query-input\":{\"@type\":\"PropertyValueSpecification\",\"valueRequired\":true,\"valueName\":\"search_term_string\"}}],\"inLanguage\":\"es\"},{\"@type\":\"Organization\",\"@id\":\"https:\/\/fondationcarasso.org\/es\/#organization\",\"name\":\"Fundaci\u00f3n Nina Carasso\",\"url\":\"https:\/\/fondationcarasso.org\/es\/\",\"logo\":{\"@type\":\"ImageObject\",\"inLanguage\":\"es\",\"@id\":\"https:\/\/fondationcarasso.org\/es\/#\/schema\/logo\/image\/\",\"url\":\"https:\/\/fondationcarasso.org\/es\/wp-content\/uploads\/2025\/10\/logo-carasso.svg\",\"contentUrl\":\"https:\/\/fondationcarasso.org\/es\/wp-content\/uploads\/2025\/10\/logo-carasso.svg\",\"width\":185,\"height\":76,\"caption\":\"Fundaci\u00f3n Nina Carasso\"},\"image\":{\"@id\":\"https:\/\/fondationcarasso.org\/es\/#\/schema\/logo\/image\/\"},\"sameAs\":[\"https:\/\/x.com\/fdnc_es\",\"https:\/\/bsky.app\/profile\/fundacioncarasso.bsky.social\",\"https:\/\/www.youtube.com\/channel\/UC5siDGy3g1QZoxsuieyH6eg\",\"https:\/\/www.instagram.com\/fundacion_carasso\/?hl=es\",\"https:\/\/es.linkedin.com\/company\/fundacion-daniel-nina-carasso\"]},{\"@type\":\"Person\",\"@id\":\"https:\/\/fondationcarasso.org\/es\/#\/schema\/person\/7d21ab9e583c0e5ffea7722e20831694\",\"name\":\"admin_carasso\"}]}<\/script>\n<!-- \/ Yoast SEO Premium plugin. -->","yoast_head_json":{"title":"Conc\u00e9ntrico 10 | Festival Internacional de Arquitectura y Dise\u00f1o","description":"Descubre la participaci\u00f3n de la Fundaci\u00f3n Daniel y Nina Carasso en Conc\u00e9ntrico 10, el Festival Internacional de Arquitectura y Dise\u00f1o, promoviendo arte, educaci\u00f3n y comunidad en espacios p\u00fablicos","robots":{"index":"index","follow":"follow","max-snippet":"max-snippet:-1","max-image-preview":"max-image-preview:large","max-video-preview":"max-video-preview:-1"},"canonical":"https:\/\/fondationcarasso.org\/es\/noticias\/concentrico_10\/","og_locale":"es_ES","og_type":"article","og_title":"Encuentros entre arte y escuela desde una mirada arquitect\u00f3nica: PLANEA y Festival Conc\u00e9ntrico","og_description":"Descubre la participaci\u00f3n de la Fundaci\u00f3n Daniel y Nina Carasso en Conc\u00e9ntrico 10, el Festival Internacional de Arquitectura y Dise\u00f1o, promoviendo arte, educaci\u00f3n y comunidad en espacios p\u00fablicos","og_url":"https:\/\/fondationcarasso.org\/es\/noticias\/concentrico_10\/","og_site_name":"Fundaci\u00f3n Nina Carasso","article_published_time":"2024-04-11T06:20:25+00:00","article_modified_time":"2026-02-23T15:07:03+00:00","og_image":[{"width":342,"height":486,"url":"http:\/\/fondationcarasso.org\/es\/wp-content\/uploads\/2024\/04\/pedro-jimenez.jpg","type":"image\/jpeg"}],"author":"admin_carasso","twitter_card":"summary_large_image","twitter_creator":"@fdnc_es","twitter_site":"@fdnc_es","twitter_misc":{"Escrito por":"admin_carasso","Tiempo de lectura":"7 minutos"},"schema":{"@context":"https:\/\/schema.org","@graph":[{"@type":"Article","@id":"https:\/\/fondationcarasso.org\/es\/noticias\/concentrico_10\/#article","isPartOf":{"@id":"https:\/\/fondationcarasso.org\/es\/noticias\/concentrico_10\/"},"author":{"name":"admin_carasso","@id":"https:\/\/fondationcarasso.org\/es\/#\/schema\/person\/7d21ab9e583c0e5ffea7722e20831694"},"headline":"Encuentros entre arte y escuela desde una mirada arquitect\u00f3nica: PLANEA y Festival Conc\u00e9ntrico","datePublished":"2024-04-11T06:20:25+00:00","dateModified":"2026-02-23T15:07:03+00:00","mainEntityOfPage":{"@id":"https:\/\/fondationcarasso.org\/es\/noticias\/concentrico_10\/"},"wordCount":15,"commentCount":0,"publisher":{"@id":"https:\/\/fondationcarasso.org\/es\/#organization"},"image":{"@id":"https:\/\/fondationcarasso.org\/es\/noticias\/concentrico_10\/#primaryimage"},"thumbnailUrl":"https:\/\/fondationcarasso.org\/es\/wp-content\/uploads\/2024\/04\/pedro-jimenez.jpg","articleSection":["Artista ciudadana\/o"],"inLanguage":"es","potentialAction":[{"@type":"CommentAction","name":"Comment","target":["https:\/\/fondationcarasso.org\/es\/noticias\/concentrico_10\/#respond"]}]},{"@type":"WebPage","@id":"https:\/\/fondationcarasso.org\/es\/noticias\/concentrico_10\/","url":"https:\/\/fondationcarasso.org\/es\/noticias\/concentrico_10\/","name":"Conc\u00e9ntrico 10 | Festival Internacional de Arquitectura y Dise\u00f1o","isPartOf":{"@id":"https:\/\/fondationcarasso.org\/es\/#website"},"primaryImageOfPage":{"@id":"https:\/\/fondationcarasso.org\/es\/noticias\/concentrico_10\/#primaryimage"},"image":{"@id":"https:\/\/fondationcarasso.org\/es\/noticias\/concentrico_10\/#primaryimage"},"thumbnailUrl":"https:\/\/fondationcarasso.org\/es\/wp-content\/uploads\/2024\/04\/pedro-jimenez.jpg","datePublished":"2024-04-11T06:20:25+00:00","dateModified":"2026-02-23T15:07:03+00:00","description":"Descubre la participaci\u00f3n de la Fundaci\u00f3n Daniel y Nina Carasso en Conc\u00e9ntrico 10, el Festival Internacional de Arquitectura y Dise\u00f1o, promoviendo arte, educaci\u00f3n y comunidad en espacios p\u00fablicos","breadcrumb":{"@id":"https:\/\/fondationcarasso.org\/es\/noticias\/concentrico_10\/#breadcrumb"},"inLanguage":"es","potentialAction":[{"@type":"ReadAction","target":["https:\/\/fondationcarasso.org\/es\/noticias\/concentrico_10\/"]}]},{"@type":"ImageObject","inLanguage":"es","@id":"https:\/\/fondationcarasso.org\/es\/noticias\/concentrico_10\/#primaryimage","url":"https:\/\/fondationcarasso.org\/es\/wp-content\/uploads\/2024\/04\/pedro-jimenez.jpg","contentUrl":"https:\/\/fondationcarasso.org\/es\/wp-content\/uploads\/2024\/04\/pedro-jimenez.jpg","width":342,"height":486},{"@type":"BreadcrumbList","@id":"https:\/\/fondationcarasso.org\/es\/noticias\/concentrico_10\/#breadcrumb","itemListElement":[{"@type":"ListItem","position":1,"name":"Portada","item":"https:\/\/fondationcarasso.org\/es\/"},{"@type":"ListItem","position":2,"name":"Encuentros entre arte y escuela desde una mirada arquitect\u00f3nica: PLANEA y Festival Conc\u00e9ntrico"}]},{"@type":"WebSite","@id":"https:\/\/fondationcarasso.org\/es\/#website","url":"https:\/\/fondationcarasso.org\/es\/","name":"Fundaci\u00f3n Nina Carasso","description":"","publisher":{"@id":"https:\/\/fondationcarasso.org\/es\/#organization"},"potentialAction":[{"@type":"SearchAction","target":{"@type":"EntryPoint","urlTemplate":"https:\/\/fondationcarasso.org\/es\/?s={search_term_string}"},"query-input":{"@type":"PropertyValueSpecification","valueRequired":true,"valueName":"search_term_string"}}],"inLanguage":"es"},{"@type":"Organization","@id":"https:\/\/fondationcarasso.org\/es\/#organization","name":"Fundaci\u00f3n Nina Carasso","url":"https:\/\/fondationcarasso.org\/es\/","logo":{"@type":"ImageObject","inLanguage":"es","@id":"https:\/\/fondationcarasso.org\/es\/#\/schema\/logo\/image\/","url":"https:\/\/fondationcarasso.org\/es\/wp-content\/uploads\/2025\/10\/logo-carasso.svg","contentUrl":"https:\/\/fondationcarasso.org\/es\/wp-content\/uploads\/2025\/10\/logo-carasso.svg","width":185,"height":76,"caption":"Fundaci\u00f3n Nina Carasso"},"image":{"@id":"https:\/\/fondationcarasso.org\/es\/#\/schema\/logo\/image\/"},"sameAs":["https:\/\/x.com\/fdnc_es","https:\/\/bsky.app\/profile\/fundacioncarasso.bsky.social","https:\/\/www.youtube.com\/channel\/UC5siDGy3g1QZoxsuieyH6eg","https:\/\/www.instagram.com\/fundacion_carasso\/?hl=es","https:\/\/es.linkedin.com\/company\/fundacion-daniel-nina-carasso"]},{"@type":"Person","@id":"https:\/\/fondationcarasso.org\/es\/#\/schema\/person\/7d21ab9e583c0e5ffea7722e20831694","name":"admin_carasso"}]}},"_links":{"self":[{"href":"https:\/\/fondationcarasso.org\/es\/wp-json\/wp\/v2\/posts\/2358","targetHints":{"allow":["GET"]}}],"collection":[{"href":"https:\/\/fondationcarasso.org\/es\/wp-json\/wp\/v2\/posts"}],"about":[{"href":"https:\/\/fondationcarasso.org\/es\/wp-json\/wp\/v2\/types\/post"}],"author":[{"embeddable":true,"href":"https:\/\/fondationcarasso.org\/es\/wp-json\/wp\/v2\/users\/2"}],"replies":[{"embeddable":true,"href":"https:\/\/fondationcarasso.org\/es\/wp-json\/wp\/v2\/comments?post=2358"}],"version-history":[{"count":1,"href":"https:\/\/fondationcarasso.org\/es\/wp-json\/wp\/v2\/posts\/2358\/revisions"}],"predecessor-version":[{"id":13810,"href":"https:\/\/fondationcarasso.org\/es\/wp-json\/wp\/v2\/posts\/2358\/revisions\/13810"}],"wp:featuredmedia":[{"embeddable":true,"href":"https:\/\/fondationcarasso.org\/es\/wp-json\/wp\/v2\/media\/2441"}],"wp:attachment":[{"href":"https:\/\/fondationcarasso.org\/es\/wp-json\/wp\/v2\/media?parent=2358"}],"wp:term":[{"taxonomy":"category","embeddable":true,"href":"https:\/\/fondationcarasso.org\/es\/wp-json\/wp\/v2\/categories?post=2358"},{"taxonomy":"post_tag","embeddable":true,"href":"https:\/\/fondationcarasso.org\/es\/wp-json\/wp\/v2\/tags?post=2358"}],"curies":[{"name":"wp","href":"https:\/\/api.w.org\/{rel}","templated":true}]}}